{"id":2522,"date":"2025-09-03T17:47:47","date_gmt":"2025-09-03T15:47:47","guid":{"rendered":"https:\/\/www.solaulaz.com\/?p=2522"},"modified":"2025-09-03T18:16:33","modified_gmt":"2025-09-03T16:16:33","slug":"25-28-juin-festival-de-lart-du-centre-commercial-issy-3-moulins","status":"publish","type":"post","link":"https:\/\/www.solaulaz.com\/index.php\/2025\/09\/03\/25-28-juin-festival-de-lart-du-centre-commercial-issy-3-moulins\/","title":{"rendered":"25 au 28 juin &#8211; Festival de l\u2019art &#8211; centre commercial Issy 3 moulins"},"content":{"rendered":"\n<div class=\"wp-block-media-text is-stacked-on-mobile\"><figure class=\"wp-block-media-text__media\"><img fetchpriority=\"high\" decoding=\"async\" width=\"724\" height=\"1024\" src=\"https:\/\/www.solaulaz.com\/wp-content\/uploads\/2025\/09\/affiche-issy-724x1024.png\" alt=\"\" class=\"wp-image-2523 size-full\" srcset=\"https:\/\/www.solaulaz.com\/wp-content\/uploads\/2025\/09\/affiche-issy-724x1024.png 724w, https:\/\/www.solaulaz.com\/wp-content\/uploads\/2025\/09\/affiche-issy-212x300.png 212w, https:\/\/www.solaulaz.com\/wp-content\/uploads\/2025\/09\/affiche-issy-768x1086.png 768w, https:\/\/www.solaulaz.com\/wp-content\/uploads\/2025\/09\/affiche-issy-1086x1536.png 1086w, https:\/\/www.solaulaz.com\/wp-content\/uploads\/2025\/09\/affiche-issy-600x849.png 600w, https:\/\/www.solaulaz.com\/wp-content\/uploads\/2025\/09\/affiche-issy.png 1414w\" sizes=\"(max-width: 724px) 100vw, 724px\" \/><\/figure><div class=\"wp-block-media-text__content\">\n<p>Retrouvez mes sculptures cubistes \u2728\ud83c\udfa8dans le cadre du Festival de l\u2019art organis\u00e9 par le centre commercial Issy 3 moulins<br>Expo du mercredi 25 au samedi 28 juin<br>Mon stand sera au niveau 1 juste \u00e0 droite des escaliers roulants<br>Je serai pr\u00e9sente sur place le mercredi et le samedi.<br>H\u00e2te de venir \u00e0 votre rencontre !<\/p>\n\n\n\n<p><\/p>\n<\/div><\/div>\n\n\n\n<figure class=\"wp-block-gallery has-nested-images columns-default is-cropped wp-block-gallery-1 is-layout-flex wp-block-gallery-is-layout-flex\">\n<figure class=\"wp-block-image size-large\"><img decoding=\"async\" width=\"1024\" height=\"1024\" data-id=\"2530\" src=\"https:\/\/www.solaulaz.com\/wp-content\/uploads\/2025\/09\/6C54AD78-62D3-43F1-80D2-A13F254C7882-1024x1024.jpg\" alt=\"\" class=\"wp-image-2530\" srcset=\"https:\/\/www.solaulaz.com\/wp-content\/uploads\/2025\/09\/6C54AD78-62D3-43F1-80D2-A13F254C7882-1024x1024.jpg 1024w, https:\/\/www.solaulaz.com\/wp-content\/uploads\/2025\/09\/6C54AD78-62D3-43F1-80D2-A13F254C7882-300x300.jpg 300w, https:\/\/www.solaulaz.com\/wp-content\/uploads\/2025\/09\/6C54AD78-62D3-43F1-80D2-A13F254C7882-150x150.jpg 150w, https:\/\/www.solaulaz.com\/wp-content\/uploads\/2025\/09\/6C54AD78-62D3-43F1-80D2-A13F254C7882-768x768.jpg 768w, https:\/\/www.solaulaz.com\/wp-content\/uploads\/2025\/09\/6C54AD78-62D3-43F1-80D2-A13F254C7882-1536x1536.jpg 1536w, https:\/\/www.solaulaz.com\/wp-content\/uploads\/2025\/09\/6C54AD78-62D3-43F1-80D2-A13F254C7882-2048x2048.jpg 2048w, https:\/\/www.solaulaz.com\/wp-content\/uploads\/2025\/09\/6C54AD78-62D3-43F1-80D2-A13F254C7882-600x600.jpg 600w, https:\/\/www.solaulaz.com\/wp-content\/uploads\/2025\/09\/6C54AD78-62D3-43F1-80D2-A13F254C7882-100x100.jpg 100w\" sizes=\"(max-width: 1024px) 100vw, 1024px\" \/><\/figure>\n\n\n\n<figure class=\"wp-block-image size-large\"><img decoding=\"async\" width=\"1024\" height=\"768\" data-id=\"2531\" src=\"https:\/\/www.solaulaz.com\/wp-content\/uploads\/2025\/09\/7d12bca2-24b4-4673-b7bd-8fb815530ab5-1024x768.jpg\" alt=\"\" class=\"wp-image-2531\" srcset=\"https:\/\/www.solaulaz.com\/wp-content\/uploads\/2025\/09\/7d12bca2-24b4-4673-b7bd-8fb815530ab5-1024x768.jpg 1024w, https:\/\/www.solaulaz.com\/wp-content\/uploads\/2025\/09\/7d12bca2-24b4-4673-b7bd-8fb815530ab5-300x225.jpg 300w, https:\/\/www.solaulaz.com\/wp-content\/uploads\/2025\/09\/7d12bca2-24b4-4673-b7bd-8fb815530ab5-768x576.jpg 768w, https:\/\/www.solaulaz.com\/wp-content\/uploads\/2025\/09\/7d12bca2-24b4-4673-b7bd-8fb815530ab5-1536x1152.jpg 1536w, https:\/\/www.solaulaz.com\/wp-content\/uploads\/2025\/09\/7d12bca2-24b4-4673-b7bd-8fb815530ab5-600x450.jpg 600w, https:\/\/www.solaulaz.com\/wp-content\/uploads\/2025\/09\/7d12bca2-24b4-4673-b7bd-8fb815530ab5.jpg 1600w\" sizes=\"(max-width: 1024px) 100vw, 1024px\" \/><\/figure>\n\n\n\n<figure class=\"wp-block-image size-large\"><img loading=\"lazy\" decoding=\"async\" width=\"1024\" height=\"1024\" data-id=\"2532\" src=\"https:\/\/www.solaulaz.com\/wp-content\/uploads\/2025\/09\/D20DF1C5-A924-4D42-A2CD-CD8DE914D9B3-1024x1024.jpg\" alt=\"\" class=\"wp-image-2532\" srcset=\"https:\/\/www.solaulaz.com\/wp-content\/uploads\/2025\/09\/D20DF1C5-A924-4D42-A2CD-CD8DE914D9B3-1024x1024.jpg 1024w, https:\/\/www.solaulaz.com\/wp-content\/uploads\/2025\/09\/D20DF1C5-A924-4D42-A2CD-CD8DE914D9B3-300x300.jpg 300w, https:\/\/www.solaulaz.com\/wp-content\/uploads\/2025\/09\/D20DF1C5-A924-4D42-A2CD-CD8DE914D9B3-150x150.jpg 150w, https:\/\/www.solaulaz.com\/wp-content\/uploads\/2025\/09\/D20DF1C5-A924-4D42-A2CD-CD8DE914D9B3-768x768.jpg 768w, https:\/\/www.solaulaz.com\/wp-content\/uploads\/2025\/09\/D20DF1C5-A924-4D42-A2CD-CD8DE914D9B3-1536x1536.jpg 1536w, https:\/\/www.solaulaz.com\/wp-content\/uploads\/2025\/09\/D20DF1C5-A924-4D42-A2CD-CD8DE914D9B3-2048x2048.jpg 2048w, https:\/\/www.solaulaz.com\/wp-content\/uploads\/2025\/09\/D20DF1C5-A924-4D42-A2CD-CD8DE914D9B3-600x600.jpg 600w, https:\/\/www.solaulaz.com\/wp-content\/uploads\/2025\/09\/D20DF1C5-A924-4D42-A2CD-CD8DE914D9B3-100x100.jpg 100w\" sizes=\"(max-width: 1024px) 100vw, 1024px\" \/><\/figure>\n\n\n\n<figure class=\"wp-block-image size-large\"><img loading=\"lazy\" decoding=\"async\" width=\"768\" height=\"1024\" data-id=\"2535\" src=\"https:\/\/www.solaulaz.com\/wp-content\/uploads\/2025\/09\/IMG_8428-768x1024.jpg\" alt=\"\" class=\"wp-image-2535\" srcset=\"https:\/\/www.solaulaz.com\/wp-content\/uploads\/2025\/09\/IMG_8428-768x1024.jpg 768w, https:\/\/www.solaulaz.com\/wp-content\/uploads\/2025\/09\/IMG_8428-225x300.jpg 225w, https:\/\/www.solaulaz.com\/wp-content\/uploads\/2025\/09\/IMG_8428-1152x1536.jpg 1152w, https:\/\/www.solaulaz.com\/wp-content\/uploads\/2025\/09\/IMG_8428-1536x2048.jpg 1536w, https:\/\/www.solaulaz.com\/wp-content\/uploads\/2025\/09\/IMG_8428-600x800.jpg 600w, https:\/\/www.solaulaz.com\/wp-content\/uploads\/2025\/09\/IMG_8428-scaled.jpg 1920w\" sizes=\"(max-width: 768px) 100vw, 768px\" \/><\/figure>\n\n\n\n<figure class=\"wp-block-image size-large\"><img loading=\"lazy\" decoding=\"async\" width=\"576\" height=\"1024\" data-id=\"2534\" src=\"https:\/\/www.solaulaz.com\/wp-content\/uploads\/2025\/09\/F48F01A2-21DB-4ECD-AE49-A84203835462-576x1024.jpg\" alt=\"\" class=\"wp-image-2534\" srcset=\"https:\/\/www.solaulaz.com\/wp-content\/uploads\/2025\/09\/F48F01A2-21DB-4ECD-AE49-A84203835462-576x1024.jpg 576w, https:\/\/www.solaulaz.com\/wp-content\/uploads\/2025\/09\/F48F01A2-21DB-4ECD-AE49-A84203835462-169x300.jpg 169w, https:\/\/www.solaulaz.com\/wp-content\/uploads\/2025\/09\/F48F01A2-21DB-4ECD-AE49-A84203835462-768x1365.jpg 768w, https:\/\/www.solaulaz.com\/wp-content\/uploads\/2025\/09\/F48F01A2-21DB-4ECD-AE49-A84203835462-600x1067.jpg 600w, https:\/\/www.solaulaz.com\/wp-content\/uploads\/2025\/09\/F48F01A2-21DB-4ECD-AE49-A84203835462.jpg 828w\" sizes=\"(max-width: 576px) 100vw, 576px\" \/><\/figure>\n\n\n\n<figure class=\"wp-block-image size-large\"><img loading=\"lazy\" decoding=\"async\" width=\"768\" height=\"1024\" data-id=\"2536\" src=\"https:\/\/www.solaulaz.com\/wp-content\/uploads\/2025\/09\/IMG_8431-768x1024.jpeg\" alt=\"\" class=\"wp-image-2536\" srcset=\"https:\/\/www.solaulaz.com\/wp-content\/uploads\/2025\/09\/IMG_8431-768x1024.jpeg 768w, https:\/\/www.solaulaz.com\/wp-content\/uploads\/2025\/09\/IMG_8431-225x300.jpeg 225w, https:\/\/www.solaulaz.com\/wp-content\/uploads\/2025\/09\/IMG_8431-1152x1536.jpeg 1152w, https:\/\/www.solaulaz.com\/wp-content\/uploads\/2025\/09\/IMG_8431-1536x2048.jpeg 1536w, https:\/\/www.solaulaz.com\/wp-content\/uploads\/2025\/09\/IMG_8431-600x800.jpeg 600w, https:\/\/www.solaulaz.com\/wp-content\/uploads\/2025\/09\/IMG_8431-scaled.jpeg 1920w\" sizes=\"(max-width: 768px) 100vw, 768px\" \/><\/figure>\n\n\n\n<figure class=\"wp-block-image size-large\"><img loading=\"lazy\" decoding=\"async\" width=\"1024\" height=\"768\" data-id=\"2538\" src=\"https:\/\/www.solaulaz.com\/wp-content\/uploads\/2025\/09\/IMG_8479-1024x768.jpg\" alt=\"\" class=\"wp-image-2538\" srcset=\"https:\/\/www.solaulaz.com\/wp-content\/uploads\/2025\/09\/IMG_8479-1024x768.jpg 1024w, https:\/\/www.solaulaz.com\/wp-content\/uploads\/2025\/09\/IMG_8479-300x225.jpg 300w, https:\/\/www.solaulaz.com\/wp-content\/uploads\/2025\/09\/IMG_8479-768x576.jpg 768w, https:\/\/www.solaulaz.com\/wp-content\/uploads\/2025\/09\/IMG_8479-1536x1152.jpg 1536w, https:\/\/www.solaulaz.com\/wp-content\/uploads\/2025\/09\/IMG_8479-2048x1536.jpg 2048w, https:\/\/www.solaulaz.com\/wp-content\/uploads\/2025\/09\/IMG_8479-600x450.jpg 600w\" sizes=\"(max-width: 1024px) 100vw, 1024px\" \/><\/figure>\n\n\n\n<figure class=\"wp-block-image size-large\"><img loading=\"lazy\" decoding=\"async\" width=\"1024\" height=\"768\" data-id=\"2539\" src=\"https:\/\/www.solaulaz.com\/wp-content\/uploads\/2025\/09\/IMG_8486-1024x768.jpg\" alt=\"\" class=\"wp-image-2539\" srcset=\"https:\/\/www.solaulaz.com\/wp-content\/uploads\/2025\/09\/IMG_8486-1024x768.jpg 1024w, https:\/\/www.solaulaz.com\/wp-content\/uploads\/2025\/09\/IMG_8486-300x225.jpg 300w, https:\/\/www.solaulaz.com\/wp-content\/uploads\/2025\/09\/IMG_8486-768x576.jpg 768w, https:\/\/www.solaulaz.com\/wp-content\/uploads\/2025\/09\/IMG_8486-1536x1152.jpg 1536w, https:\/\/www.solaulaz.com\/wp-content\/uploads\/2025\/09\/IMG_8486-2048x1536.jpg 2048w, https:\/\/www.solaulaz.com\/wp-content\/uploads\/2025\/09\/IMG_8486-600x450.jpg 600w\" sizes=\"(max-width: 1024px) 100vw, 1024px\" \/><\/figure>\n\n\n\n<figure class=\"wp-block-image size-large\"><img loading=\"lazy\" decoding=\"async\" width=\"1024\" height=\"1024\" data-id=\"2540\" src=\"https:\/\/www.solaulaz.com\/wp-content\/uploads\/2025\/09\/EA39FF14-0C8F-4CAA-9DF9-C1E448D86E13-2-1024x1024.jpg\" alt=\"\" class=\"wp-image-2540\" srcset=\"https:\/\/www.solaulaz.com\/wp-content\/uploads\/2025\/09\/EA39FF14-0C8F-4CAA-9DF9-C1E448D86E13-2-1024x1024.jpg 1024w, https:\/\/www.solaulaz.com\/wp-content\/uploads\/2025\/09\/EA39FF14-0C8F-4CAA-9DF9-C1E448D86E13-2-300x300.jpg 300w, https:\/\/www.solaulaz.com\/wp-content\/uploads\/2025\/09\/EA39FF14-0C8F-4CAA-9DF9-C1E448D86E13-2-150x150.jpg 150w, https:\/\/www.solaulaz.com\/wp-content\/uploads\/2025\/09\/EA39FF14-0C8F-4CAA-9DF9-C1E448D86E13-2-768x768.jpg 768w, https:\/\/www.solaulaz.com\/wp-content\/uploads\/2025\/09\/EA39FF14-0C8F-4CAA-9DF9-C1E448D86E13-2-1536x1536.jpg 1536w, https:\/\/www.solaulaz.com\/wp-content\/uploads\/2025\/09\/EA39FF14-0C8F-4CAA-9DF9-C1E448D86E13-2-2048x2048.jpg 2048w, https:\/\/www.solaulaz.com\/wp-content\/uploads\/2025\/09\/EA39FF14-0C8F-4CAA-9DF9-C1E448D86E13-2-600x600.jpg 600w, https:\/\/www.solaulaz.com\/wp-content\/uploads\/2025\/09\/EA39FF14-0C8F-4CAA-9DF9-C1E448D86E13-2-100x100.jpg 100w\" sizes=\"(max-width: 1024px) 100vw, 1024px\" \/><\/figure>\n<\/figure>\n","protected":false},"excerpt":{"rendered":"<p>Retrouvez mes sculptures cubistes \u2728\ud83c\udfa8dans le cadre du Festival de l\u2019art organis\u00e9 par le centre commercial Issy 3 moulinsExpo du mercredi 25 au samedi 28 juinMon stand sera au niveau 1 juste \u00e0 droite des escaliers roulantsJe serai pr\u00e9sente sur place le mercredi et le samedi.H\u00e2te de venir \u00e0 votre rencontre !<\/p>\n","protected":false},"author":1,"featured_media":2523,"comment_status":"open","ping_status":"open","sticky":false,"template":"","format":"standard","meta":{"ocean_post_layout":"","ocean_both_sidebars_style":"","ocean_both_sidebars_content_width":0,"ocean_both_sidebars_sidebars_width":0,"ocean_sidebar":"","ocean_second_sidebar":"","ocean_disable_margins":"enable","ocean_add_body_class":"","ocean_shortcode_before_top_bar":"","ocean_shortcode_after_top_bar":"","ocean_shortcode_before_header":"","ocean_shortcode_after_header":"","ocean_has_shortcode":"","ocean_shortcode_after_title":"","ocean_shortcode_before_footer_widgets":"","ocean_shortcode_after_footer_widgets":"","ocean_shortcode_before_footer_bottom":"","ocean_shortcode_after_footer_bottom":"","ocean_display_top_bar":"default","ocean_display_header":"default","ocean_header_style":"","ocean_center_header_left_menu":"","ocean_custom_header_template":"","ocean_custom_logo":0,"ocean_custom_retina_logo":0,"ocean_custom_logo_max_width":0,"ocean_custom_logo_tablet_max_width":0,"ocean_custom_logo_mobile_max_width":0,"ocean_custom_logo_max_height":0,"ocean_custom_logo_tablet_max_height":0,"ocean_custom_logo_mobile_max_height":0,"ocean_header_custom_menu":"","ocean_menu_typo_font_family":"","ocean_menu_typo_font_subset":"","ocean_menu_typo_font_size":0,"ocean_menu_typo_font_size_tablet":0,"ocean_menu_typo_font_size_mobile":0,"ocean_menu_typo_font_size_unit":"px","ocean_menu_typo_font_weight":"","ocean_menu_typo_font_weight_tablet":"","ocean_menu_typo_font_weight_mobile":"","ocean_menu_typo_transform":"","ocean_menu_typo_transform_tablet":"","ocean_menu_typo_transform_mobile":"","ocean_menu_typo_line_height":0,"ocean_menu_typo_line_height_tablet":0,"ocean_menu_typo_line_height_mobile":0,"ocean_menu_typo_line_height_unit":"","ocean_menu_typo_spacing":0,"ocean_menu_typo_spacing_tablet":0,"ocean_menu_typo_spacing_mobile":0,"ocean_menu_typo_spacing_unit":"","ocean_menu_link_color":"","ocean_menu_link_color_hover":"","ocean_menu_link_color_active":"","ocean_menu_link_background":"","ocean_menu_link_hover_background":"","ocean_menu_link_active_background":"","ocean_menu_social_links_bg":"","ocean_menu_social_hover_links_bg":"","ocean_menu_social_links_color":"","ocean_menu_social_hover_links_color":"","ocean_disable_title":"default","ocean_disable_heading":"default","ocean_post_title":"","ocean_post_subheading":"","ocean_post_title_style":"","ocean_post_title_background_color":"","ocean_post_title_background":0,"ocean_post_title_bg_image_position":"","ocean_post_title_bg_image_attachment":"","ocean_post_title_bg_image_repeat":"","ocean_post_title_bg_image_size":"","ocean_post_title_height":0,"ocean_post_title_bg_overlay":0.5,"ocean_post_title_bg_overlay_color":"","ocean_disable_breadcrumbs":"default","ocean_breadcrumbs_color":"","ocean_breadcrumbs_separator_color":"","ocean_breadcrumbs_links_color":"","ocean_breadcrumbs_links_hover_color":"","ocean_display_footer_widgets":"default","ocean_display_footer_bottom":"default","ocean_custom_footer_template":"","ocean_post_oembed":"","ocean_post_self_hosted_media":"","ocean_post_video_embed":"","ocean_link_format":"","ocean_link_format_target":"self","ocean_quote_format":"","ocean_quote_format_link":"post","ocean_gallery_link_images":"on","ocean_gallery_id":[],"footnotes":""},"categories":[81],"tags":[],"class_list":["post-2522","post","type-post","status-publish","format-standard","has-post-thumbnail","hentry","category-actualites","entry","has-media","owp-thumbs-layout-horizontal","owp-btn-normal","owp-tabs-layout-horizontal","has-no-thumbnails","has-product-nav"],"yoast_head":"<!-- This site is optimized with the Yoast SEO plugin v27.5 - https:\/\/yoast.com\/product\/yoast-seo-wordpress\/ -->\n<title>25 au 28 juin - Festival de l\u2019art - centre commercial Issy 3 moulins - Sophie Laurent Lazinier - sculptrice<\/title>\n<meta name=\"robots\" content=\"index, follow, max-snippet:-1, max-image-preview:large, max-video-preview:-1\" \/>\n<link rel=\"canonical\" href=\"https:\/\/www.solaulaz.com\/index.php\/2025\/09\/03\/25-28-juin-festival-de-lart-du-centre-commercial-issy-3-moulins\/\" \/>\n<meta property=\"og:locale\" content=\"fr_FR\" \/>\n<meta property=\"og:type\" content=\"article\" \/>\n<meta property=\"og:title\" content=\"25 au 28 juin - Festival de l\u2019art - centre commercial Issy 3 moulins - Sophie Laurent Lazinier - sculptrice\" \/>\n<meta property=\"og:description\" content=\"Retrouvez mes sculptures cubistes \u2728\ud83c\udfa8dans le cadre du Festival de l\u2019art organis\u00e9 par le centre commercial Issy 3 moulinsExpo du mercredi 25 au samedi 28 juinMon stand sera au niveau 1 juste \u00e0 droite des escaliers roulantsJe serai pr\u00e9sente sur place le mercredi et le samedi.H\u00e2te de venir \u00e0 votre rencontre !\" \/>\n<meta property=\"og:url\" content=\"https:\/\/www.solaulaz.com\/index.php\/2025\/09\/03\/25-28-juin-festival-de-lart-du-centre-commercial-issy-3-moulins\/\" \/>\n<meta property=\"og:site_name\" content=\"Sophie Laurent Lazinier - sculptrice\" \/>\n<meta property=\"article:publisher\" content=\"https:\/\/www.facebook.com\/solaulaz\" \/>\n<meta property=\"article:published_time\" content=\"2025-09-03T15:47:47+00:00\" \/>\n<meta property=\"article:modified_time\" content=\"2025-09-03T16:16:33+00:00\" \/>\n<meta property=\"og:image\" content=\"https:\/\/www.solaulaz.com\/wp-content\/uploads\/2025\/09\/affiche-issy.png\" \/>\n\t<meta property=\"og:image:width\" content=\"1414\" \/>\n\t<meta property=\"og:image:height\" content=\"2000\" \/>\n\t<meta property=\"og:image:type\" content=\"image\/png\" \/>\n<meta name=\"author\" content=\"Solaulaz\" \/>\n<meta name=\"twitter:card\" content=\"summary_large_image\" \/>\n<meta name=\"twitter:label1\" content=\"\u00c9crit par\" \/>\n\t<meta name=\"twitter:data1\" content=\"Solaulaz\" \/>\n\t<meta name=\"twitter:label2\" content=\"Dur\u00e9e de lecture estim\u00e9e\" \/>\n\t<meta name=\"twitter:data2\" content=\"3 minutes\" \/>\n<script type=\"application\/ld+json\" class=\"yoast-schema-graph\">{\"@context\":\"https:\\\/\\\/schema.org\",\"@graph\":[{\"@type\":\"Article\",\"@id\":\"https:\\\/\\\/www.solaulaz.com\\\/index.php\\\/2025\\\/09\\\/03\\\/25-28-juin-festival-de-lart-du-centre-commercial-issy-3-moulins\\\/#article\",\"isPartOf\":{\"@id\":\"https:\\\/\\\/www.solaulaz.com\\\/index.php\\\/2025\\\/09\\\/03\\\/25-28-juin-festival-de-lart-du-centre-commercial-issy-3-moulins\\\/\"},\"author\":{\"name\":\"Solaulaz\",\"@id\":\"https:\\\/\\\/www.solaulaz.com\\\/#\\\/schema\\\/person\\\/914a5e8ad58d38b2344cf673028343ac\"},\"headline\":\"25 au 28 juin &#8211; Festival de l\u2019art &#8211; centre commercial Issy 3 moulins\",\"datePublished\":\"2025-09-03T15:47:47+00:00\",\"dateModified\":\"2025-09-03T16:16:33+00:00\",\"mainEntityOfPage\":{\"@id\":\"https:\\\/\\\/www.solaulaz.com\\\/index.php\\\/2025\\\/09\\\/03\\\/25-28-juin-festival-de-lart-du-centre-commercial-issy-3-moulins\\\/\"},\"wordCount\":61,\"commentCount\":0,\"publisher\":{\"@id\":\"https:\\\/\\\/www.solaulaz.com\\\/#organization\"},\"image\":{\"@id\":\"https:\\\/\\\/www.solaulaz.com\\\/index.php\\\/2025\\\/09\\\/03\\\/25-28-juin-festival-de-lart-du-centre-commercial-issy-3-moulins\\\/#primaryimage\"},\"thumbnailUrl\":\"https:\\\/\\\/www.solaulaz.com\\\/wp-content\\\/uploads\\\/2025\\\/09\\\/affiche-issy.png\",\"articleSection\":[\"Actualit\u00e9s\"],\"inLanguage\":\"fr-FR\",\"potentialAction\":[{\"@type\":\"CommentAction\",\"name\":\"Comment\",\"target\":[\"https:\\\/\\\/www.solaulaz.com\\\/index.php\\\/2025\\\/09\\\/03\\\/25-28-juin-festival-de-lart-du-centre-commercial-issy-3-moulins\\\/#respond\"]}]},{\"@type\":\"WebPage\",\"@id\":\"https:\\\/\\\/www.solaulaz.com\\\/index.php\\\/2025\\\/09\\\/03\\\/25-28-juin-festival-de-lart-du-centre-commercial-issy-3-moulins\\\/\",\"url\":\"https:\\\/\\\/www.solaulaz.com\\\/index.php\\\/2025\\\/09\\\/03\\\/25-28-juin-festival-de-lart-du-centre-commercial-issy-3-moulins\\\/\",\"name\":\"25 au 28 juin - Festival de l\u2019art - centre commercial Issy 3 moulins - Sophie Laurent Lazinier - sculptrice\",\"isPartOf\":{\"@id\":\"https:\\\/\\\/www.solaulaz.com\\\/#website\"},\"primaryImageOfPage\":{\"@id\":\"https:\\\/\\\/www.solaulaz.com\\\/index.php\\\/2025\\\/09\\\/03\\\/25-28-juin-festival-de-lart-du-centre-commercial-issy-3-moulins\\\/#primaryimage\"},\"image\":{\"@id\":\"https:\\\/\\\/www.solaulaz.com\\\/index.php\\\/2025\\\/09\\\/03\\\/25-28-juin-festival-de-lart-du-centre-commercial-issy-3-moulins\\\/#primaryimage\"},\"thumbnailUrl\":\"https:\\\/\\\/www.solaulaz.com\\\/wp-content\\\/uploads\\\/2025\\\/09\\\/affiche-issy.png\",\"datePublished\":\"2025-09-03T15:47:47+00:00\",\"dateModified\":\"2025-09-03T16:16:33+00:00\",\"breadcrumb\":{\"@id\":\"https:\\\/\\\/www.solaulaz.com\\\/index.php\\\/2025\\\/09\\\/03\\\/25-28-juin-festival-de-lart-du-centre-commercial-issy-3-moulins\\\/#breadcrumb\"},\"inLanguage\":\"fr-FR\",\"potentialAction\":[{\"@type\":\"ReadAction\",\"target\":[\"https:\\\/\\\/www.solaulaz.com\\\/index.php\\\/2025\\\/09\\\/03\\\/25-28-juin-festival-de-lart-du-centre-commercial-issy-3-moulins\\\/\"]}]},{\"@type\":\"ImageObject\",\"inLanguage\":\"fr-FR\",\"@id\":\"https:\\\/\\\/www.solaulaz.com\\\/index.php\\\/2025\\\/09\\\/03\\\/25-28-juin-festival-de-lart-du-centre-commercial-issy-3-moulins\\\/#primaryimage\",\"url\":\"https:\\\/\\\/www.solaulaz.com\\\/wp-content\\\/uploads\\\/2025\\\/09\\\/affiche-issy.png\",\"contentUrl\":\"https:\\\/\\\/www.solaulaz.com\\\/wp-content\\\/uploads\\\/2025\\\/09\\\/affiche-issy.png\",\"width\":1414,\"height\":2000},{\"@type\":\"BreadcrumbList\",\"@id\":\"https:\\\/\\\/www.solaulaz.com\\\/index.php\\\/2025\\\/09\\\/03\\\/25-28-juin-festival-de-lart-du-centre-commercial-issy-3-moulins\\\/#breadcrumb\",\"itemListElement\":[{\"@type\":\"ListItem\",\"position\":1,\"name\":\"Accueil\",\"item\":\"https:\\\/\\\/www.solaulaz.com\\\/\"},{\"@type\":\"ListItem\",\"position\":2,\"name\":\"25 au 28 juin &#8211; Festival de l\u2019art &#8211; centre commercial Issy 3 moulins\"}]},{\"@type\":\"WebSite\",\"@id\":\"https:\\\/\\\/www.solaulaz.com\\\/#website\",\"url\":\"https:\\\/\\\/www.solaulaz.com\\\/\",\"name\":\"Sophie Laurent Lazinier - sculptrice\",\"description\":\"Un regard pour capter l instant\",\"publisher\":{\"@id\":\"https:\\\/\\\/www.solaulaz.com\\\/#organization\"},\"potentialAction\":[{\"@type\":\"SearchAction\",\"target\":{\"@type\":\"EntryPoint\",\"urlTemplate\":\"https:\\\/\\\/www.solaulaz.com\\\/?s={search_term_string}\"},\"query-input\":{\"@type\":\"PropertyValueSpecification\",\"valueRequired\":true,\"valueName\":\"search_term_string\"}}],\"inLanguage\":\"fr-FR\"},{\"@type\":\"Organization\",\"@id\":\"https:\\\/\\\/www.solaulaz.com\\\/#organization\",\"name\":\"SOLAULAZ\",\"url\":\"https:\\\/\\\/www.solaulaz.com\\\/\",\"logo\":{\"@type\":\"ImageObject\",\"inLanguage\":\"fr-FR\",\"@id\":\"https:\\\/\\\/www.solaulaz.com\\\/#\\\/schema\\\/logo\\\/image\\\/\",\"url\":\"https:\\\/\\\/www.solaulaz.com\\\/wp-content\\\/uploads\\\/2022\\\/01\\\/solaulaz.png\",\"contentUrl\":\"https:\\\/\\\/www.solaulaz.com\\\/wp-content\\\/uploads\\\/2022\\\/01\\\/solaulaz.png\",\"width\":629,\"height\":629,\"caption\":\"SOLAULAZ\"},\"image\":{\"@id\":\"https:\\\/\\\/www.solaulaz.com\\\/#\\\/schema\\\/logo\\\/image\\\/\"},\"sameAs\":[\"https:\\\/\\\/www.facebook.com\\\/solaulaz\",\"https:\\\/\\\/www.instagram.com\\\/solaulaz\\\/?hl=fr\",\"https:\\\/\\\/www.pinterest.fr\\\/solaulaz\\\/\"]},{\"@type\":\"Person\",\"@id\":\"https:\\\/\\\/www.solaulaz.com\\\/#\\\/schema\\\/person\\\/914a5e8ad58d38b2344cf673028343ac\",\"name\":\"Solaulaz\",\"image\":{\"@type\":\"ImageObject\",\"inLanguage\":\"fr-FR\",\"@id\":\"https:\\\/\\\/secure.gravatar.com\\\/avatar\\\/c39e7bbae050081e04d562ba8c3ffea14c9dec13da659978031f438177311967?s=96&d=mm&r=g\",\"url\":\"https:\\\/\\\/secure.gravatar.com\\\/avatar\\\/c39e7bbae050081e04d562ba8c3ffea14c9dec13da659978031f438177311967?s=96&d=mm&r=g\",\"contentUrl\":\"https:\\\/\\\/secure.gravatar.com\\\/avatar\\\/c39e7bbae050081e04d562ba8c3ffea14c9dec13da659978031f438177311967?s=96&d=mm&r=g\",\"caption\":\"Solaulaz\"},\"sameAs\":[\"http:\\\/\\\/okjfdab.cluster031.hosting.ovh.net\"],\"url\":\"https:\\\/\\\/www.solaulaz.com\\\/index.php\\\/author\\\/admin1989\\\/\"}]}<\/script>\n<!-- \/ Yoast SEO plugin. -->","yoast_head_json":{"title":"25 au 28 juin - Festival de l\u2019art - centre commercial Issy 3 moulins - Sophie Laurent Lazinier - sculptrice","robots":{"index":"index","follow":"follow","max-snippet":"max-snippet:-1","max-image-preview":"max-image-preview:large","max-video-preview":"max-video-preview:-1"},"canonical":"https:\/\/www.solaulaz.com\/index.php\/2025\/09\/03\/25-28-juin-festival-de-lart-du-centre-commercial-issy-3-moulins\/","og_locale":"fr_FR","og_type":"article","og_title":"25 au 28 juin - Festival de l\u2019art - centre commercial Issy 3 moulins - Sophie Laurent Lazinier - sculptrice","og_description":"Retrouvez mes sculptures cubistes \u2728\ud83c\udfa8dans le cadre du Festival de l\u2019art organis\u00e9 par le centre commercial Issy 3 moulinsExpo du mercredi 25 au samedi 28 juinMon stand sera au niveau 1 juste \u00e0 droite des escaliers roulantsJe serai pr\u00e9sente sur place le mercredi et le samedi.H\u00e2te de venir \u00e0 votre rencontre !","og_url":"https:\/\/www.solaulaz.com\/index.php\/2025\/09\/03\/25-28-juin-festival-de-lart-du-centre-commercial-issy-3-moulins\/","og_site_name":"Sophie Laurent Lazinier - sculptrice","article_publisher":"https:\/\/www.facebook.com\/solaulaz","article_published_time":"2025-09-03T15:47:47+00:00","article_modified_time":"2025-09-03T16:16:33+00:00","og_image":[{"width":1414,"height":2000,"url":"https:\/\/www.solaulaz.com\/wp-content\/uploads\/2025\/09\/affiche-issy.png","type":"image\/png"}],"author":"Solaulaz","twitter_card":"summary_large_image","twitter_misc":{"\u00c9crit par":"Solaulaz","Dur\u00e9e de lecture estim\u00e9e":"3 minutes"},"schema":{"@context":"https:\/\/schema.org","@graph":[{"@type":"Article","@id":"https:\/\/www.solaulaz.com\/index.php\/2025\/09\/03\/25-28-juin-festival-de-lart-du-centre-commercial-issy-3-moulins\/#article","isPartOf":{"@id":"https:\/\/www.solaulaz.com\/index.php\/2025\/09\/03\/25-28-juin-festival-de-lart-du-centre-commercial-issy-3-moulins\/"},"author":{"name":"Solaulaz","@id":"https:\/\/www.solaulaz.com\/#\/schema\/person\/914a5e8ad58d38b2344cf673028343ac"},"headline":"25 au 28 juin &#8211; Festival de l\u2019art &#8211; centre commercial Issy 3 moulins","datePublished":"2025-09-03T15:47:47+00:00","dateModified":"2025-09-03T16:16:33+00:00","mainEntityOfPage":{"@id":"https:\/\/www.solaulaz.com\/index.php\/2025\/09\/03\/25-28-juin-festival-de-lart-du-centre-commercial-issy-3-moulins\/"},"wordCount":61,"commentCount":0,"publisher":{"@id":"https:\/\/www.solaulaz.com\/#organization"},"image":{"@id":"https:\/\/www.solaulaz.com\/index.php\/2025\/09\/03\/25-28-juin-festival-de-lart-du-centre-commercial-issy-3-moulins\/#primaryimage"},"thumbnailUrl":"https:\/\/www.solaulaz.com\/wp-content\/uploads\/2025\/09\/affiche-issy.png","articleSection":["Actualit\u00e9s"],"inLanguage":"fr-FR","potentialAction":[{"@type":"CommentAction","name":"Comment","target":["https:\/\/www.solaulaz.com\/index.php\/2025\/09\/03\/25-28-juin-festival-de-lart-du-centre-commercial-issy-3-moulins\/#respond"]}]},{"@type":"WebPage","@id":"https:\/\/www.solaulaz.com\/index.php\/2025\/09\/03\/25-28-juin-festival-de-lart-du-centre-commercial-issy-3-moulins\/","url":"https:\/\/www.solaulaz.com\/index.php\/2025\/09\/03\/25-28-juin-festival-de-lart-du-centre-commercial-issy-3-moulins\/","name":"25 au 28 juin - Festival de l\u2019art - centre commercial Issy 3 moulins - Sophie Laurent Lazinier - sculptrice","isPartOf":{"@id":"https:\/\/www.solaulaz.com\/#website"},"primaryImageOfPage":{"@id":"https:\/\/www.solaulaz.com\/index.php\/2025\/09\/03\/25-28-juin-festival-de-lart-du-centre-commercial-issy-3-moulins\/#primaryimage"},"image":{"@id":"https:\/\/www.solaulaz.com\/index.php\/2025\/09\/03\/25-28-juin-festival-de-lart-du-centre-commercial-issy-3-moulins\/#primaryimage"},"thumbnailUrl":"https:\/\/www.solaulaz.com\/wp-content\/uploads\/2025\/09\/affiche-issy.png","datePublished":"2025-09-03T15:47:47+00:00","dateModified":"2025-09-03T16:16:33+00:00","breadcrumb":{"@id":"https:\/\/www.solaulaz.com\/index.php\/2025\/09\/03\/25-28-juin-festival-de-lart-du-centre-commercial-issy-3-moulins\/#breadcrumb"},"inLanguage":"fr-FR","potentialAction":[{"@type":"ReadAction","target":["https:\/\/www.solaulaz.com\/index.php\/2025\/09\/03\/25-28-juin-festival-de-lart-du-centre-commercial-issy-3-moulins\/"]}]},{"@type":"ImageObject","inLanguage":"fr-FR","@id":"https:\/\/www.solaulaz.com\/index.php\/2025\/09\/03\/25-28-juin-festival-de-lart-du-centre-commercial-issy-3-moulins\/#primaryimage","url":"https:\/\/www.solaulaz.com\/wp-content\/uploads\/2025\/09\/affiche-issy.png","contentUrl":"https:\/\/www.solaulaz.com\/wp-content\/uploads\/2025\/09\/affiche-issy.png","width":1414,"height":2000},{"@type":"BreadcrumbList","@id":"https:\/\/www.solaulaz.com\/index.php\/2025\/09\/03\/25-28-juin-festival-de-lart-du-centre-commercial-issy-3-moulins\/#breadcrumb","itemListElement":[{"@type":"ListItem","position":1,"name":"Accueil","item":"https:\/\/www.solaulaz.com\/"},{"@type":"ListItem","position":2,"name":"25 au 28 juin &#8211; Festival de l\u2019art &#8211; centre commercial Issy 3 moulins"}]},{"@type":"WebSite","@id":"https:\/\/www.solaulaz.com\/#website","url":"https:\/\/www.solaulaz.com\/","name":"Sophie Laurent Lazinier - sculptrice","description":"Un regard pour capter l instant","publisher":{"@id":"https:\/\/www.solaulaz.com\/#organization"},"potentialAction":[{"@type":"SearchAction","target":{"@type":"EntryPoint","urlTemplate":"https:\/\/www.solaulaz.com\/?s={search_term_string}"},"query-input":{"@type":"PropertyValueSpecification","valueRequired":true,"valueName":"search_term_string"}}],"inLanguage":"fr-FR"},{"@type":"Organization","@id":"https:\/\/www.solaulaz.com\/#organization","name":"SOLAULAZ","url":"https:\/\/www.solaulaz.com\/","logo":{"@type":"ImageObject","inLanguage":"fr-FR","@id":"https:\/\/www.solaulaz.com\/#\/schema\/logo\/image\/","url":"https:\/\/www.solaulaz.com\/wp-content\/uploads\/2022\/01\/solaulaz.png","contentUrl":"https:\/\/www.solaulaz.com\/wp-content\/uploads\/2022\/01\/solaulaz.png","width":629,"height":629,"caption":"SOLAULAZ"},"image":{"@id":"https:\/\/www.solaulaz.com\/#\/schema\/logo\/image\/"},"sameAs":["https:\/\/www.facebook.com\/solaulaz","https:\/\/www.instagram.com\/solaulaz\/?hl=fr","https:\/\/www.pinterest.fr\/solaulaz\/"]},{"@type":"Person","@id":"https:\/\/www.solaulaz.com\/#\/schema\/person\/914a5e8ad58d38b2344cf673028343ac","name":"Solaulaz","image":{"@type":"ImageObject","inLanguage":"fr-FR","@id":"https:\/\/secure.gravatar.com\/avatar\/c39e7bbae050081e04d562ba8c3ffea14c9dec13da659978031f438177311967?s=96&d=mm&r=g","url":"https:\/\/secure.gravatar.com\/avatar\/c39e7bbae050081e04d562ba8c3ffea14c9dec13da659978031f438177311967?s=96&d=mm&r=g","contentUrl":"https:\/\/secure.gravatar.com\/avatar\/c39e7bbae050081e04d562ba8c3ffea14c9dec13da659978031f438177311967?s=96&d=mm&r=g","caption":"Solaulaz"},"sameAs":["http:\/\/okjfdab.cluster031.hosting.ovh.net"],"url":"https:\/\/www.solaulaz.com\/index.php\/author\/admin1989\/"}]}},"_links":{"self":[{"href":"https:\/\/www.solaulaz.com\/index.php\/wp-json\/wp\/v2\/posts\/2522","targetHints":{"allow":["GET"]}}],"collection":[{"href":"https:\/\/www.solaulaz.com\/index.php\/wp-json\/wp\/v2\/posts"}],"about":[{"href":"https:\/\/www.solaulaz.com\/index.php\/wp-json\/wp\/v2\/types\/post"}],"author":[{"embeddable":true,"href":"https:\/\/www.solaulaz.com\/index.php\/wp-json\/wp\/v2\/users\/1"}],"replies":[{"embeddable":true,"href":"https:\/\/www.solaulaz.com\/index.php\/wp-json\/wp\/v2\/comments?post=2522"}],"version-history":[{"count":3,"href":"https:\/\/www.solaulaz.com\/index.php\/wp-json\/wp\/v2\/posts\/2522\/revisions"}],"predecessor-version":[{"id":2542,"href":"https:\/\/www.solaulaz.com\/index.php\/wp-json\/wp\/v2\/posts\/2522\/revisions\/2542"}],"wp:featuredmedia":[{"embeddable":true,"href":"https:\/\/www.solaulaz.com\/index.php\/wp-json\/wp\/v2\/media\/2523"}],"wp:attachment":[{"href":"https:\/\/www.solaulaz.com\/index.php\/wp-json\/wp\/v2\/media?parent=2522"}],"wp:term":[{"taxonomy":"category","embeddable":true,"href":"https:\/\/www.solaulaz.com\/index.php\/wp-json\/wp\/v2\/categories?post=2522"},{"taxonomy":"post_tag","embeddable":true,"href":"https:\/\/www.solaulaz.com\/index.php\/wp-json\/wp\/v2\/tags?post=2522"}],"curies":[{"name":"wp","href":"https:\/\/api.w.org\/{rel}","templated":true}]}}