{"id":2551,"date":"2025-11-17T21:54:58","date_gmt":"2025-11-17T20:54:58","guid":{"rendered":"https:\/\/www.solaulaz.com\/?p=2551"},"modified":"2025-11-17T22:16:51","modified_gmt":"2025-11-17T21:16:51","slug":"21-novembre-18h30-6eme-soiree-des-artistes-anthologie","status":"publish","type":"post","link":"https:\/\/www.solaulaz.com\/index.php\/2025\/11\/17\/21-novembre-18h30-6eme-soiree-des-artistes-anthologie\/","title":{"rendered":"21 novembre 18h30 &#8211; 6\u00e8me soir\u00e9e des artistes Anthologie"},"content":{"rendered":"\n<div class=\"wp-block-media-text is-stacked-on-mobile\"><figure class=\"wp-block-media-text__media\"><img fetchpriority=\"high\" decoding=\"async\" width=\"724\" height=\"1024\" src=\"https:\/\/www.solaulaz.com\/wp-content\/uploads\/2025\/11\/Affiche-21-11-724x1024.jpg\" alt=\"\" class=\"wp-image-2555 size-full\" srcset=\"https:\/\/www.solaulaz.com\/wp-content\/uploads\/2025\/11\/Affiche-21-11-724x1024.jpg 724w, https:\/\/www.solaulaz.com\/wp-content\/uploads\/2025\/11\/Affiche-21-11-212x300.jpg 212w, https:\/\/www.solaulaz.com\/wp-content\/uploads\/2025\/11\/Affiche-21-11-768x1086.jpg 768w, https:\/\/www.solaulaz.com\/wp-content\/uploads\/2025\/11\/Affiche-21-11-1086x1536.jpg 1086w, https:\/\/www.solaulaz.com\/wp-content\/uploads\/2025\/11\/Affiche-21-11-600x849.jpg 600w, https:\/\/www.solaulaz.com\/wp-content\/uploads\/2025\/11\/Affiche-21-11.jpg 1414w\" sizes=\"(max-width: 724px) 100vw, 724px\" \/><\/figure><div class=\"wp-block-media-text__content\">\n<p>Vendredi 21 novembre de 18h30 \u00e0 21h : 6\u00e8me \u00e9dition de la soir\u00e9e des artistes au concept store Anthologie.<\/p>\n\n\n\n<p>Janick Escard nous accueille dans sa boutique, paradis de la d\u00e9co et du design, pour un moment convivial \ud83e\udd42 et artistique \ud83c\udfa8! Je vous y pr\u00e9senterai une s\u00e9lection de sculptures ainsi que des tableaux collages. <\/p>\n\n\n\n<p>Seront \u00e9galement pr\u00e9sents :<\/p>\n\n\n\n<p id=\"isPasted\">\ud83c\udfa8Fran\u00e7ois Jouis : peintures<\/p>\n\n\n\n<p>\ud83c\udf37Jolie Petite Fleur : fleurs en cr\u00e9pon<\/p>\n\n\n\n<p>\ud83d\uddbcKat : affiches&nbsp;<\/p>\n\n\n\n<p>\ud83d\udca1Mavilone \u00e9dition : luminaires<\/p>\n\n\n\n<p>Infos pratiques<\/p>\n\n\n\n<p><strong>\ud83d\udccdConcept store Anthologie<\/strong> Place de Bruhl, zone pi\u00e9tonne Sceaux, face Auchan<\/p>\n\n\n\n<p>\u23f0vendredi 21 novembre \u00e0 18h30<\/p>\n<\/div><\/div>\n","protected":false},"excerpt":{"rendered":"<p>Vendredi 21 novembre de 18h30 \u00e0 21h : 6\u00e8me \u00e9dition de la soir\u00e9e des artistes au concept store Anthologie. Janick Escard nous accueille dans sa boutique, paradis de la d\u00e9co et du design, pour un moment convivial \ud83e\udd42 et artistique \ud83c\udfa8! Je vous y pr\u00e9senterai une s\u00e9lection de sculptures ainsi que des tableaux collages. Seront [&hellip;]<\/p>\n","protected":false},"author":1,"featured_media":2552,"comment_status":"open","ping_status":"open","sticky":false,"template":"","format":"standard","meta":{"ocean_post_layout":"","ocean_both_sidebars_style":"","ocean_both_sidebars_content_width":0,"ocean_both_sidebars_sidebars_width":0,"ocean_sidebar":"","ocean_second_sidebar":"","ocean_disable_margins":"enable","ocean_add_body_class":"","ocean_shortcode_before_top_bar":"","ocean_shortcode_after_top_bar":"","ocean_shortcode_before_header":"","ocean_shortcode_after_header":"","ocean_has_shortcode":"","ocean_shortcode_after_title":"","ocean_shortcode_before_footer_widgets":"","ocean_shortcode_after_footer_widgets":"","ocean_shortcode_before_footer_bottom":"","ocean_shortcode_after_footer_bottom":"","ocean_display_top_bar":"default","ocean_display_header":"default","ocean_header_style":"","ocean_center_header_left_menu":"","ocean_custom_header_template":"","ocean_custom_logo":0,"ocean_custom_retina_logo":0,"ocean_custom_logo_max_width":0,"ocean_custom_logo_tablet_max_width":0,"ocean_custom_logo_mobile_max_width":0,"ocean_custom_logo_max_height":0,"ocean_custom_logo_tablet_max_height":0,"ocean_custom_logo_mobile_max_height":0,"ocean_header_custom_menu":"","ocean_menu_typo_font_family":"","ocean_menu_typo_font_subset":"","ocean_menu_typo_font_size":0,"ocean_menu_typo_font_size_tablet":0,"ocean_menu_typo_font_size_mobile":0,"ocean_menu_typo_font_size_unit":"px","ocean_menu_typo_font_weight":"","ocean_menu_typo_font_weight_tablet":"","ocean_menu_typo_font_weight_mobile":"","ocean_menu_typo_transform":"","ocean_menu_typo_transform_tablet":"","ocean_menu_typo_transform_mobile":"","ocean_menu_typo_line_height":0,"ocean_menu_typo_line_height_tablet":0,"ocean_menu_typo_line_height_mobile":0,"ocean_menu_typo_line_height_unit":"","ocean_menu_typo_spacing":0,"ocean_menu_typo_spacing_tablet":0,"ocean_menu_typo_spacing_mobile":0,"ocean_menu_typo_spacing_unit":"","ocean_menu_link_color":"","ocean_menu_link_color_hover":"","ocean_menu_link_color_active":"","ocean_menu_link_background":"","ocean_menu_link_hover_background":"","ocean_menu_link_active_background":"","ocean_menu_social_links_bg":"","ocean_menu_social_hover_links_bg":"","ocean_menu_social_links_color":"","ocean_menu_social_hover_links_color":"","ocean_disable_title":"default","ocean_disable_heading":"default","ocean_post_title":"","ocean_post_subheading":"","ocean_post_title_style":"","ocean_post_title_background_color":"","ocean_post_title_background":0,"ocean_post_title_bg_image_position":"","ocean_post_title_bg_image_attachment":"","ocean_post_title_bg_image_repeat":"","ocean_post_title_bg_image_size":"","ocean_post_title_height":0,"ocean_post_title_bg_overlay":0.5,"ocean_post_title_bg_overlay_color":"","ocean_disable_breadcrumbs":"default","ocean_breadcrumbs_color":"","ocean_breadcrumbs_separator_color":"","ocean_breadcrumbs_links_color":"","ocean_breadcrumbs_links_hover_color":"","ocean_display_footer_widgets":"default","ocean_display_footer_bottom":"default","ocean_custom_footer_template":"","ocean_post_oembed":"","ocean_post_self_hosted_media":"","ocean_post_video_embed":"","ocean_link_format":"","ocean_link_format_target":"self","ocean_quote_format":"","ocean_quote_format_link":"post","ocean_gallery_link_images":"on","ocean_gallery_id":[],"footnotes":""},"categories":[81],"tags":[],"class_list":["post-2551","post","type-post","status-publish","format-standard","has-post-thumbnail","hentry","category-actualites","entry","has-media","owp-thumbs-layout-horizontal","owp-btn-normal","owp-tabs-layout-horizontal","has-no-thumbnails","has-product-nav"],"yoast_head":"<!-- This site is optimized with the Yoast SEO plugin v27.5 - https:\/\/yoast.com\/product\/yoast-seo-wordpress\/ -->\n<title>21 novembre 18h30 - 6\u00e8me soir\u00e9e des artistes Anthologie - Sophie Laurent Lazinier - sculptrice<\/title>\n<meta name=\"robots\" content=\"index, follow, max-snippet:-1, max-image-preview:large, max-video-preview:-1\" \/>\n<link rel=\"canonical\" href=\"https:\/\/www.solaulaz.com\/index.php\/2025\/11\/17\/21-novembre-18h30-6eme-soiree-des-artistes-anthologie\/\" \/>\n<meta property=\"og:locale\" content=\"fr_FR\" \/>\n<meta property=\"og:type\" content=\"article\" \/>\n<meta property=\"og:title\" content=\"21 novembre 18h30 - 6\u00e8me soir\u00e9e des artistes Anthologie - Sophie Laurent Lazinier - sculptrice\" \/>\n<meta property=\"og:description\" content=\"Vendredi 21 novembre de 18h30 \u00e0 21h : 6\u00e8me \u00e9dition de la soir\u00e9e des artistes au concept store Anthologie. Janick Escard nous accueille dans sa boutique, paradis de la d\u00e9co et du design, pour un moment convivial \ud83e\udd42 et artistique \ud83c\udfa8! Je vous y pr\u00e9senterai une s\u00e9lection de sculptures ainsi que des tableaux collages. Seront [&hellip;]\" \/>\n<meta property=\"og:url\" content=\"https:\/\/www.solaulaz.com\/index.php\/2025\/11\/17\/21-novembre-18h30-6eme-soiree-des-artistes-anthologie\/\" \/>\n<meta property=\"og:site_name\" content=\"Sophie Laurent Lazinier - sculptrice\" \/>\n<meta property=\"article:publisher\" content=\"https:\/\/www.facebook.com\/solaulaz\" \/>\n<meta property=\"article:published_time\" content=\"2025-11-17T20:54:58+00:00\" \/>\n<meta property=\"article:modified_time\" content=\"2025-11-17T21:16:51+00:00\" \/>\n<meta property=\"og:image\" content=\"https:\/\/www.solaulaz.com\/wp-content\/uploads\/2025\/11\/Affiche-22-11.jpg\" \/>\n\t<meta property=\"og:image:width\" content=\"1414\" \/>\n\t<meta property=\"og:image:height\" content=\"2000\" \/>\n\t<meta property=\"og:image:type\" content=\"image\/jpeg\" \/>\n<meta name=\"author\" content=\"Solaulaz\" \/>\n<meta name=\"twitter:card\" content=\"summary_large_image\" \/>\n<meta name=\"twitter:label1\" content=\"\u00c9crit par\" \/>\n\t<meta name=\"twitter:data1\" content=\"Solaulaz\" \/>\n\t<meta name=\"twitter:label2\" content=\"Dur\u00e9e de lecture estim\u00e9e\" \/>\n\t<meta name=\"twitter:data2\" content=\"1 minute\" \/>\n<script type=\"application\/ld+json\" class=\"yoast-schema-graph\">{\"@context\":\"https:\\\/\\\/schema.org\",\"@graph\":[{\"@type\":\"Article\",\"@id\":\"https:\\\/\\\/www.solaulaz.com\\\/index.php\\\/2025\\\/11\\\/17\\\/21-novembre-18h30-6eme-soiree-des-artistes-anthologie\\\/#article\",\"isPartOf\":{\"@id\":\"https:\\\/\\\/www.solaulaz.com\\\/index.php\\\/2025\\\/11\\\/17\\\/21-novembre-18h30-6eme-soiree-des-artistes-anthologie\\\/\"},\"author\":{\"name\":\"Solaulaz\",\"@id\":\"https:\\\/\\\/www.solaulaz.com\\\/#\\\/schema\\\/person\\\/914a5e8ad58d38b2344cf673028343ac\"},\"headline\":\"21 novembre 18h30 &#8211; 6\u00e8me soir\u00e9e des artistes Anthologie\",\"datePublished\":\"2025-11-17T20:54:58+00:00\",\"dateModified\":\"2025-11-17T21:16:51+00:00\",\"mainEntityOfPage\":{\"@id\":\"https:\\\/\\\/www.solaulaz.com\\\/index.php\\\/2025\\\/11\\\/17\\\/21-novembre-18h30-6eme-soiree-des-artistes-anthologie\\\/\"},\"wordCount\":100,\"commentCount\":0,\"publisher\":{\"@id\":\"https:\\\/\\\/www.solaulaz.com\\\/#organization\"},\"image\":{\"@id\":\"https:\\\/\\\/www.solaulaz.com\\\/index.php\\\/2025\\\/11\\\/17\\\/21-novembre-18h30-6eme-soiree-des-artistes-anthologie\\\/#primaryimage\"},\"thumbnailUrl\":\"https:\\\/\\\/www.solaulaz.com\\\/wp-content\\\/uploads\\\/2025\\\/11\\\/Affiche-22-11.jpg\",\"articleSection\":[\"Actualit\u00e9s\"],\"inLanguage\":\"fr-FR\",\"potentialAction\":[{\"@type\":\"CommentAction\",\"name\":\"Comment\",\"target\":[\"https:\\\/\\\/www.solaulaz.com\\\/index.php\\\/2025\\\/11\\\/17\\\/21-novembre-18h30-6eme-soiree-des-artistes-anthologie\\\/#respond\"]}]},{\"@type\":\"WebPage\",\"@id\":\"https:\\\/\\\/www.solaulaz.com\\\/index.php\\\/2025\\\/11\\\/17\\\/21-novembre-18h30-6eme-soiree-des-artistes-anthologie\\\/\",\"url\":\"https:\\\/\\\/www.solaulaz.com\\\/index.php\\\/2025\\\/11\\\/17\\\/21-novembre-18h30-6eme-soiree-des-artistes-anthologie\\\/\",\"name\":\"21 novembre 18h30 - 6\u00e8me soir\u00e9e des artistes Anthologie - Sophie Laurent Lazinier - sculptrice\",\"isPartOf\":{\"@id\":\"https:\\\/\\\/www.solaulaz.com\\\/#website\"},\"primaryImageOfPage\":{\"@id\":\"https:\\\/\\\/www.solaulaz.com\\\/index.php\\\/2025\\\/11\\\/17\\\/21-novembre-18h30-6eme-soiree-des-artistes-anthologie\\\/#primaryimage\"},\"image\":{\"@id\":\"https:\\\/\\\/www.solaulaz.com\\\/index.php\\\/2025\\\/11\\\/17\\\/21-novembre-18h30-6eme-soiree-des-artistes-anthologie\\\/#primaryimage\"},\"thumbnailUrl\":\"https:\\\/\\\/www.solaulaz.com\\\/wp-content\\\/uploads\\\/2025\\\/11\\\/Affiche-22-11.jpg\",\"datePublished\":\"2025-11-17T20:54:58+00:00\",\"dateModified\":\"2025-11-17T21:16:51+00:00\",\"breadcrumb\":{\"@id\":\"https:\\\/\\\/www.solaulaz.com\\\/index.php\\\/2025\\\/11\\\/17\\\/21-novembre-18h30-6eme-soiree-des-artistes-anthologie\\\/#breadcrumb\"},\"inLanguage\":\"fr-FR\",\"potentialAction\":[{\"@type\":\"ReadAction\",\"target\":[\"https:\\\/\\\/www.solaulaz.com\\\/index.php\\\/2025\\\/11\\\/17\\\/21-novembre-18h30-6eme-soiree-des-artistes-anthologie\\\/\"]}]},{\"@type\":\"ImageObject\",\"inLanguage\":\"fr-FR\",\"@id\":\"https:\\\/\\\/www.solaulaz.com\\\/index.php\\\/2025\\\/11\\\/17\\\/21-novembre-18h30-6eme-soiree-des-artistes-anthologie\\\/#primaryimage\",\"url\":\"https:\\\/\\\/www.solaulaz.com\\\/wp-content\\\/uploads\\\/2025\\\/11\\\/Affiche-22-11.jpg\",\"contentUrl\":\"https:\\\/\\\/www.solaulaz.com\\\/wp-content\\\/uploads\\\/2025\\\/11\\\/Affiche-22-11.jpg\",\"width\":1414,\"height\":2000},{\"@type\":\"BreadcrumbList\",\"@id\":\"https:\\\/\\\/www.solaulaz.com\\\/index.php\\\/2025\\\/11\\\/17\\\/21-novembre-18h30-6eme-soiree-des-artistes-anthologie\\\/#breadcrumb\",\"itemListElement\":[{\"@type\":\"ListItem\",\"position\":1,\"name\":\"Accueil\",\"item\":\"https:\\\/\\\/www.solaulaz.com\\\/\"},{\"@type\":\"ListItem\",\"position\":2,\"name\":\"21 novembre 18h30 &#8211; 6\u00e8me soir\u00e9e des artistes Anthologie\"}]},{\"@type\":\"WebSite\",\"@id\":\"https:\\\/\\\/www.solaulaz.com\\\/#website\",\"url\":\"https:\\\/\\\/www.solaulaz.com\\\/\",\"name\":\"Sophie Laurent Lazinier - sculptrice\",\"description\":\"Un regard pour capter l instant\",\"publisher\":{\"@id\":\"https:\\\/\\\/www.solaulaz.com\\\/#organization\"},\"potentialAction\":[{\"@type\":\"SearchAction\",\"target\":{\"@type\":\"EntryPoint\",\"urlTemplate\":\"https:\\\/\\\/www.solaulaz.com\\\/?s={search_term_string}\"},\"query-input\":{\"@type\":\"PropertyValueSpecification\",\"valueRequired\":true,\"valueName\":\"search_term_string\"}}],\"inLanguage\":\"fr-FR\"},{\"@type\":\"Organization\",\"@id\":\"https:\\\/\\\/www.solaulaz.com\\\/#organization\",\"name\":\"SOLAULAZ\",\"url\":\"https:\\\/\\\/www.solaulaz.com\\\/\",\"logo\":{\"@type\":\"ImageObject\",\"inLanguage\":\"fr-FR\",\"@id\":\"https:\\\/\\\/www.solaulaz.com\\\/#\\\/schema\\\/logo\\\/image\\\/\",\"url\":\"https:\\\/\\\/www.solaulaz.com\\\/wp-content\\\/uploads\\\/2022\\\/01\\\/solaulaz.png\",\"contentUrl\":\"https:\\\/\\\/www.solaulaz.com\\\/wp-content\\\/uploads\\\/2022\\\/01\\\/solaulaz.png\",\"width\":629,\"height\":629,\"caption\":\"SOLAULAZ\"},\"image\":{\"@id\":\"https:\\\/\\\/www.solaulaz.com\\\/#\\\/schema\\\/logo\\\/image\\\/\"},\"sameAs\":[\"https:\\\/\\\/www.facebook.com\\\/solaulaz\",\"https:\\\/\\\/www.instagram.com\\\/solaulaz\\\/?hl=fr\",\"https:\\\/\\\/www.pinterest.fr\\\/solaulaz\\\/\"]},{\"@type\":\"Person\",\"@id\":\"https:\\\/\\\/www.solaulaz.com\\\/#\\\/schema\\\/person\\\/914a5e8ad58d38b2344cf673028343ac\",\"name\":\"Solaulaz\",\"image\":{\"@type\":\"ImageObject\",\"inLanguage\":\"fr-FR\",\"@id\":\"https:\\\/\\\/secure.gravatar.com\\\/avatar\\\/c39e7bbae050081e04d562ba8c3ffea14c9dec13da659978031f438177311967?s=96&d=mm&r=g\",\"url\":\"https:\\\/\\\/secure.gravatar.com\\\/avatar\\\/c39e7bbae050081e04d562ba8c3ffea14c9dec13da659978031f438177311967?s=96&d=mm&r=g\",\"contentUrl\":\"https:\\\/\\\/secure.gravatar.com\\\/avatar\\\/c39e7bbae050081e04d562ba8c3ffea14c9dec13da659978031f438177311967?s=96&d=mm&r=g\",\"caption\":\"Solaulaz\"},\"sameAs\":[\"http:\\\/\\\/okjfdab.cluster031.hosting.ovh.net\"],\"url\":\"https:\\\/\\\/www.solaulaz.com\\\/index.php\\\/author\\\/admin1989\\\/\"}]}<\/script>\n<!-- \/ Yoast SEO plugin. -->","yoast_head_json":{"title":"21 novembre 18h30 - 6\u00e8me soir\u00e9e des artistes Anthologie - Sophie Laurent Lazinier - sculptrice","robots":{"index":"index","follow":"follow","max-snippet":"max-snippet:-1","max-image-preview":"max-image-preview:large","max-video-preview":"max-video-preview:-1"},"canonical":"https:\/\/www.solaulaz.com\/index.php\/2025\/11\/17\/21-novembre-18h30-6eme-soiree-des-artistes-anthologie\/","og_locale":"fr_FR","og_type":"article","og_title":"21 novembre 18h30 - 6\u00e8me soir\u00e9e des artistes Anthologie - Sophie Laurent Lazinier - sculptrice","og_description":"Vendredi 21 novembre de 18h30 \u00e0 21h : 6\u00e8me \u00e9dition de la soir\u00e9e des artistes au concept store Anthologie. Janick Escard nous accueille dans sa boutique, paradis de la d\u00e9co et du design, pour un moment convivial \ud83e\udd42 et artistique \ud83c\udfa8! Je vous y pr\u00e9senterai une s\u00e9lection de sculptures ainsi que des tableaux collages. Seront [&hellip;]","og_url":"https:\/\/www.solaulaz.com\/index.php\/2025\/11\/17\/21-novembre-18h30-6eme-soiree-des-artistes-anthologie\/","og_site_name":"Sophie Laurent Lazinier - sculptrice","article_publisher":"https:\/\/www.facebook.com\/solaulaz","article_published_time":"2025-11-17T20:54:58+00:00","article_modified_time":"2025-11-17T21:16:51+00:00","og_image":[{"width":1414,"height":2000,"url":"https:\/\/www.solaulaz.com\/wp-content\/uploads\/2025\/11\/Affiche-22-11.jpg","type":"image\/jpeg"}],"author":"Solaulaz","twitter_card":"summary_large_image","twitter_misc":{"\u00c9crit par":"Solaulaz","Dur\u00e9e de lecture estim\u00e9e":"1 minute"},"schema":{"@context":"https:\/\/schema.org","@graph":[{"@type":"Article","@id":"https:\/\/www.solaulaz.com\/index.php\/2025\/11\/17\/21-novembre-18h30-6eme-soiree-des-artistes-anthologie\/#article","isPartOf":{"@id":"https:\/\/www.solaulaz.com\/index.php\/2025\/11\/17\/21-novembre-18h30-6eme-soiree-des-artistes-anthologie\/"},"author":{"name":"Solaulaz","@id":"https:\/\/www.solaulaz.com\/#\/schema\/person\/914a5e8ad58d38b2344cf673028343ac"},"headline":"21 novembre 18h30 &#8211; 6\u00e8me soir\u00e9e des artistes Anthologie","datePublished":"2025-11-17T20:54:58+00:00","dateModified":"2025-11-17T21:16:51+00:00","mainEntityOfPage":{"@id":"https:\/\/www.solaulaz.com\/index.php\/2025\/11\/17\/21-novembre-18h30-6eme-soiree-des-artistes-anthologie\/"},"wordCount":100,"commentCount":0,"publisher":{"@id":"https:\/\/www.solaulaz.com\/#organization"},"image":{"@id":"https:\/\/www.solaulaz.com\/index.php\/2025\/11\/17\/21-novembre-18h30-6eme-soiree-des-artistes-anthologie\/#primaryimage"},"thumbnailUrl":"https:\/\/www.solaulaz.com\/wp-content\/uploads\/2025\/11\/Affiche-22-11.jpg","articleSection":["Actualit\u00e9s"],"inLanguage":"fr-FR","potentialAction":[{"@type":"CommentAction","name":"Comment","target":["https:\/\/www.solaulaz.com\/index.php\/2025\/11\/17\/21-novembre-18h30-6eme-soiree-des-artistes-anthologie\/#respond"]}]},{"@type":"WebPage","@id":"https:\/\/www.solaulaz.com\/index.php\/2025\/11\/17\/21-novembre-18h30-6eme-soiree-des-artistes-anthologie\/","url":"https:\/\/www.solaulaz.com\/index.php\/2025\/11\/17\/21-novembre-18h30-6eme-soiree-des-artistes-anthologie\/","name":"21 novembre 18h30 - 6\u00e8me soir\u00e9e des artistes Anthologie - Sophie Laurent Lazinier - sculptrice","isPartOf":{"@id":"https:\/\/www.solaulaz.com\/#website"},"primaryImageOfPage":{"@id":"https:\/\/www.solaulaz.com\/index.php\/2025\/11\/17\/21-novembre-18h30-6eme-soiree-des-artistes-anthologie\/#primaryimage"},"image":{"@id":"https:\/\/www.solaulaz.com\/index.php\/2025\/11\/17\/21-novembre-18h30-6eme-soiree-des-artistes-anthologie\/#primaryimage"},"thumbnailUrl":"https:\/\/www.solaulaz.com\/wp-content\/uploads\/2025\/11\/Affiche-22-11.jpg","datePublished":"2025-11-17T20:54:58+00:00","dateModified":"2025-11-17T21:16:51+00:00","breadcrumb":{"@id":"https:\/\/www.solaulaz.com\/index.php\/2025\/11\/17\/21-novembre-18h30-6eme-soiree-des-artistes-anthologie\/#breadcrumb"},"inLanguage":"fr-FR","potentialAction":[{"@type":"ReadAction","target":["https:\/\/www.solaulaz.com\/index.php\/2025\/11\/17\/21-novembre-18h30-6eme-soiree-des-artistes-anthologie\/"]}]},{"@type":"ImageObject","inLanguage":"fr-FR","@id":"https:\/\/www.solaulaz.com\/index.php\/2025\/11\/17\/21-novembre-18h30-6eme-soiree-des-artistes-anthologie\/#primaryimage","url":"https:\/\/www.solaulaz.com\/wp-content\/uploads\/2025\/11\/Affiche-22-11.jpg","contentUrl":"https:\/\/www.solaulaz.com\/wp-content\/uploads\/2025\/11\/Affiche-22-11.jpg","width":1414,"height":2000},{"@type":"BreadcrumbList","@id":"https:\/\/www.solaulaz.com\/index.php\/2025\/11\/17\/21-novembre-18h30-6eme-soiree-des-artistes-anthologie\/#breadcrumb","itemListElement":[{"@type":"ListItem","position":1,"name":"Accueil","item":"https:\/\/www.solaulaz.com\/"},{"@type":"ListItem","position":2,"name":"21 novembre 18h30 &#8211; 6\u00e8me soir\u00e9e des artistes Anthologie"}]},{"@type":"WebSite","@id":"https:\/\/www.solaulaz.com\/#website","url":"https:\/\/www.solaulaz.com\/","name":"Sophie Laurent Lazinier - sculptrice","description":"Un regard pour capter l instant","publisher":{"@id":"https:\/\/www.solaulaz.com\/#organization"},"potentialAction":[{"@type":"SearchAction","target":{"@type":"EntryPoint","urlTemplate":"https:\/\/www.solaulaz.com\/?s={search_term_string}"},"query-input":{"@type":"PropertyValueSpecification","valueRequired":true,"valueName":"search_term_string"}}],"inLanguage":"fr-FR"},{"@type":"Organization","@id":"https:\/\/www.solaulaz.com\/#organization","name":"SOLAULAZ","url":"https:\/\/www.solaulaz.com\/","logo":{"@type":"ImageObject","inLanguage":"fr-FR","@id":"https:\/\/www.solaulaz.com\/#\/schema\/logo\/image\/","url":"https:\/\/www.solaulaz.com\/wp-content\/uploads\/2022\/01\/solaulaz.png","contentUrl":"https:\/\/www.solaulaz.com\/wp-content\/uploads\/2022\/01\/solaulaz.png","width":629,"height":629,"caption":"SOLAULAZ"},"image":{"@id":"https:\/\/www.solaulaz.com\/#\/schema\/logo\/image\/"},"sameAs":["https:\/\/www.facebook.com\/solaulaz","https:\/\/www.instagram.com\/solaulaz\/?hl=fr","https:\/\/www.pinterest.fr\/solaulaz\/"]},{"@type":"Person","@id":"https:\/\/www.solaulaz.com\/#\/schema\/person\/914a5e8ad58d38b2344cf673028343ac","name":"Solaulaz","image":{"@type":"ImageObject","inLanguage":"fr-FR","@id":"https:\/\/secure.gravatar.com\/avatar\/c39e7bbae050081e04d562ba8c3ffea14c9dec13da659978031f438177311967?s=96&d=mm&r=g","url":"https:\/\/secure.gravatar.com\/avatar\/c39e7bbae050081e04d562ba8c3ffea14c9dec13da659978031f438177311967?s=96&d=mm&r=g","contentUrl":"https:\/\/secure.gravatar.com\/avatar\/c39e7bbae050081e04d562ba8c3ffea14c9dec13da659978031f438177311967?s=96&d=mm&r=g","caption":"Solaulaz"},"sameAs":["http:\/\/okjfdab.cluster031.hosting.ovh.net"],"url":"https:\/\/www.solaulaz.com\/index.php\/author\/admin1989\/"}]}},"_links":{"self":[{"href":"https:\/\/www.solaulaz.com\/index.php\/wp-json\/wp\/v2\/posts\/2551","targetHints":{"allow":["GET"]}}],"collection":[{"href":"https:\/\/www.solaulaz.com\/index.php\/wp-json\/wp\/v2\/posts"}],"about":[{"href":"https:\/\/www.solaulaz.com\/index.php\/wp-json\/wp\/v2\/types\/post"}],"author":[{"embeddable":true,"href":"https:\/\/www.solaulaz.com\/index.php\/wp-json\/wp\/v2\/users\/1"}],"replies":[{"embeddable":true,"href":"https:\/\/www.solaulaz.com\/index.php\/wp-json\/wp\/v2\/comments?post=2551"}],"version-history":[{"count":3,"href":"https:\/\/www.solaulaz.com\/index.php\/wp-json\/wp\/v2\/posts\/2551\/revisions"}],"predecessor-version":[{"id":2557,"href":"https:\/\/www.solaulaz.com\/index.php\/wp-json\/wp\/v2\/posts\/2551\/revisions\/2557"}],"wp:featuredmedia":[{"embeddable":true,"href":"https:\/\/www.solaulaz.com\/index.php\/wp-json\/wp\/v2\/media\/2552"}],"wp:attachment":[{"href":"https:\/\/www.solaulaz.com\/index.php\/wp-json\/wp\/v2\/media?parent=2551"}],"wp:term":[{"taxonomy":"category","embeddable":true,"href":"https:\/\/www.solaulaz.com\/index.php\/wp-json\/wp\/v2\/categories?post=2551"},{"taxonomy":"post_tag","embeddable":true,"href":"https:\/\/www.solaulaz.com\/index.php\/wp-json\/wp\/v2\/tags?post=2551"}],"curies":[{"name":"wp","href":"https:\/\/api.w.org\/{rel}","templated":true}]}}