{"id":2590,"date":"2026-01-16T13:09:41","date_gmt":"2026-01-16T12:09:41","guid":{"rendered":"https:\/\/www.solaulaz.com\/?p=2590"},"modified":"2026-01-16T13:15:56","modified_gmt":"2026-01-16T12:15:56","slug":"24-jan-8-fev-2026-57eme-salon-ile-de-france-bourg-la-reine","status":"publish","type":"post","link":"https:\/\/www.solaulaz.com\/index.php\/2026\/01\/16\/24-jan-8-fev-2026-57eme-salon-ile-de-france-bourg-la-reine\/","title":{"rendered":"24 jan au 8 f\u00e9v 2026 &#8211; 57\u00e8me salon ile de France Bourg-la-Reine"},"content":{"rendered":"\n<p class=\"has-text-align-center\">Je vous invite \u00e0 venir voir une s\u00e9lection de mes sculptures\ud83d\uddfflors de l&rsquo;exposition collective :<br>57\u00e8me salon \u00ab\u00a0Ile de France\u00a0\u00bb de Bourg la Reine<br>du samedi 24 janvier au dimanche 8 f\u00e9vrier 2026<br>vous y d\u00e9couvrirez des \u0153uvres cubistes dans la lumineuse salle des Colonnes \u2728au c\u0153ur de Bourg la Reine.<\/p>\n\n\n\n<p>Infos pratiques ci-dessous \ud83d\udc47<\/p>\n\n\n\n<p>\u23f0 Du samedi 24 janvier au dimanche 8 f\u00e9vrier 2026, tous les jours de 14h \u00e0 19h<br>\ud83e\udd42Vernissage : samedi 24 janvier \u00e0 17h30<br>\ud83d\udccd Les Colonnes &#8211; 52 bd du Mar\u00e9chal Joffre &#8211; Bourg la Reine<br>\ud83e\udd1dJe serai tr\u00e8s heureuse de vous accueillir sur place lors du vernissage et les mercredis 28 janvier et 4 f\u00e9vrier.<br>Je vous propose \u00e9galement de pouvoir nous y retrouver le week-end, sur rendez-vous. Appelez-moi pour convenir d&rsquo;un cr\u00e9neau !<\/p>\n\n\n\n<p>Ces deux semaines d&rsquo;exposition vous permettront de d\u00e9couvrir mes nouvelles cr\u00e9ations et de partager un moment convivial autour de l\u2019art. J\u2019ai h\u00e2te de vous y retrouver !<\/p>\n\n\n\n<figure class=\"wp-block-gallery has-nested-images columns-default is-cropped wp-block-gallery-1 is-layout-flex wp-block-gallery-is-layout-flex\">\n<figure class=\"wp-block-image size-large\"><img fetchpriority=\"high\" decoding=\"async\" width=\"1024\" height=\"1024\" data-id=\"2596\" src=\"https:\/\/www.solaulaz.com\/wp-content\/uploads\/2026\/01\/SOLAULAZ-Faire-le-dos-rond-photo-2-1024x1024.jpg\" alt=\"\" class=\"wp-image-2596\" srcset=\"https:\/\/www.solaulaz.com\/wp-content\/uploads\/2026\/01\/SOLAULAZ-Faire-le-dos-rond-photo-2-1024x1024.jpg 1024w, https:\/\/www.solaulaz.com\/wp-content\/uploads\/2026\/01\/SOLAULAZ-Faire-le-dos-rond-photo-2-300x300.jpg 300w, https:\/\/www.solaulaz.com\/wp-content\/uploads\/2026\/01\/SOLAULAZ-Faire-le-dos-rond-photo-2-150x150.jpg 150w, https:\/\/www.solaulaz.com\/wp-content\/uploads\/2026\/01\/SOLAULAZ-Faire-le-dos-rond-photo-2-768x768.jpg 768w, https:\/\/www.solaulaz.com\/wp-content\/uploads\/2026\/01\/SOLAULAZ-Faire-le-dos-rond-photo-2-1536x1536.jpg 1536w, https:\/\/www.solaulaz.com\/wp-content\/uploads\/2026\/01\/SOLAULAZ-Faire-le-dos-rond-photo-2-2048x2048.jpg 2048w, https:\/\/www.solaulaz.com\/wp-content\/uploads\/2026\/01\/SOLAULAZ-Faire-le-dos-rond-photo-2-600x600.jpg 600w, https:\/\/www.solaulaz.com\/wp-content\/uploads\/2026\/01\/SOLAULAZ-Faire-le-dos-rond-photo-2-100x100.jpg 100w\" sizes=\"(max-width: 1024px) 100vw, 1024px\" \/><\/figure>\n\n\n\n<figure class=\"wp-block-image size-large\"><img decoding=\"async\" width=\"1024\" height=\"1024\" data-id=\"2600\" src=\"https:\/\/www.solaulaz.com\/wp-content\/uploads\/2026\/01\/SOLAULAZ-Geek-2-L-24-x-l-22-x-H-13-cm-1-1024x1024.jpg\" alt=\"\" class=\"wp-image-2600\" srcset=\"https:\/\/www.solaulaz.com\/wp-content\/uploads\/2026\/01\/SOLAULAZ-Geek-2-L-24-x-l-22-x-H-13-cm-1-1024x1024.jpg 1024w, https:\/\/www.solaulaz.com\/wp-content\/uploads\/2026\/01\/SOLAULAZ-Geek-2-L-24-x-l-22-x-H-13-cm-1-300x300.jpg 300w, https:\/\/www.solaulaz.com\/wp-content\/uploads\/2026\/01\/SOLAULAZ-Geek-2-L-24-x-l-22-x-H-13-cm-1-150x150.jpg 150w, https:\/\/www.solaulaz.com\/wp-content\/uploads\/2026\/01\/SOLAULAZ-Geek-2-L-24-x-l-22-x-H-13-cm-1-768x768.jpg 768w, https:\/\/www.solaulaz.com\/wp-content\/uploads\/2026\/01\/SOLAULAZ-Geek-2-L-24-x-l-22-x-H-13-cm-1-1536x1536.jpg 1536w, https:\/\/www.solaulaz.com\/wp-content\/uploads\/2026\/01\/SOLAULAZ-Geek-2-L-24-x-l-22-x-H-13-cm-1-2048x2048.jpg 2048w, https:\/\/www.solaulaz.com\/wp-content\/uploads\/2026\/01\/SOLAULAZ-Geek-2-L-24-x-l-22-x-H-13-cm-1-600x600.jpg 600w, https:\/\/www.solaulaz.com\/wp-content\/uploads\/2026\/01\/SOLAULAZ-Geek-2-L-24-x-l-22-x-H-13-cm-1-100x100.jpg 100w\" sizes=\"(max-width: 1024px) 100vw, 1024px\" \/><figcaption class=\"wp-element-caption\">SONY DSC<\/figcaption><\/figure>\n\n\n\n<figure class=\"wp-block-image size-large\"><img decoding=\"async\" width=\"1024\" height=\"1024\" data-id=\"2601\" src=\"https:\/\/www.solaulaz.com\/wp-content\/uploads\/2026\/01\/SOLAULAZ-Le-penseur-L-17-x-l-20-x-H-38-cm-1-1024x1024.jpeg\" alt=\"\" class=\"wp-image-2601\" srcset=\"https:\/\/www.solaulaz.com\/wp-content\/uploads\/2026\/01\/SOLAULAZ-Le-penseur-L-17-x-l-20-x-H-38-cm-1-1024x1024.jpeg 1024w, https:\/\/www.solaulaz.com\/wp-content\/uploads\/2026\/01\/SOLAULAZ-Le-penseur-L-17-x-l-20-x-H-38-cm-1-300x300.jpeg 300w, https:\/\/www.solaulaz.com\/wp-content\/uploads\/2026\/01\/SOLAULAZ-Le-penseur-L-17-x-l-20-x-H-38-cm-1-150x150.jpeg 150w, https:\/\/www.solaulaz.com\/wp-content\/uploads\/2026\/01\/SOLAULAZ-Le-penseur-L-17-x-l-20-x-H-38-cm-1-768x768.jpeg 768w, https:\/\/www.solaulaz.com\/wp-content\/uploads\/2026\/01\/SOLAULAZ-Le-penseur-L-17-x-l-20-x-H-38-cm-1-1536x1536.jpeg 1536w, https:\/\/www.solaulaz.com\/wp-content\/uploads\/2026\/01\/SOLAULAZ-Le-penseur-L-17-x-l-20-x-H-38-cm-1-2048x2048.jpeg 2048w, https:\/\/www.solaulaz.com\/wp-content\/uploads\/2026\/01\/SOLAULAZ-Le-penseur-L-17-x-l-20-x-H-38-cm-1-600x600.jpeg 600w, https:\/\/www.solaulaz.com\/wp-content\/uploads\/2026\/01\/SOLAULAZ-Le-penseur-L-17-x-l-20-x-H-38-cm-1-100x100.jpeg 100w\" sizes=\"(max-width: 1024px) 100vw, 1024px\" \/><\/figure>\n\n\n\n<figure class=\"wp-block-image size-large\"><img loading=\"lazy\" decoding=\"async\" width=\"1024\" height=\"1024\" data-id=\"2599\" src=\"https:\/\/www.solaulaz.com\/wp-content\/uploads\/2026\/01\/SOLAULAZ-Yoga-7-L-39-x-l-15-x-H-29-cm-1024x1024.jpg\" alt=\"\" class=\"wp-image-2599\" srcset=\"https:\/\/www.solaulaz.com\/wp-content\/uploads\/2026\/01\/SOLAULAZ-Yoga-7-L-39-x-l-15-x-H-29-cm-1024x1024.jpg 1024w, https:\/\/www.solaulaz.com\/wp-content\/uploads\/2026\/01\/SOLAULAZ-Yoga-7-L-39-x-l-15-x-H-29-cm-300x300.jpg 300w, https:\/\/www.solaulaz.com\/wp-content\/uploads\/2026\/01\/SOLAULAZ-Yoga-7-L-39-x-l-15-x-H-29-cm-150x150.jpg 150w, https:\/\/www.solaulaz.com\/wp-content\/uploads\/2026\/01\/SOLAULAZ-Yoga-7-L-39-x-l-15-x-H-29-cm-768x768.jpg 768w, https:\/\/www.solaulaz.com\/wp-content\/uploads\/2026\/01\/SOLAULAZ-Yoga-7-L-39-x-l-15-x-H-29-cm-1536x1536.jpg 1536w, https:\/\/www.solaulaz.com\/wp-content\/uploads\/2026\/01\/SOLAULAZ-Yoga-7-L-39-x-l-15-x-H-29-cm-2048x2048.jpg 2048w, https:\/\/www.solaulaz.com\/wp-content\/uploads\/2026\/01\/SOLAULAZ-Yoga-7-L-39-x-l-15-x-H-29-cm-600x600.jpg 600w, https:\/\/www.solaulaz.com\/wp-content\/uploads\/2026\/01\/SOLAULAZ-Yoga-7-L-39-x-l-15-x-H-29-cm-100x100.jpg 100w\" sizes=\"(max-width: 1024px) 100vw, 1024px\" \/><\/figure>\n<\/figure>\n","protected":false},"excerpt":{"rendered":"<p>Je vous invite \u00e0 venir voir une s\u00e9lection de mes sculptures\ud83d\uddfflors de l&rsquo;exposition collective :57\u00e8me salon \u00ab\u00a0Ile de France\u00a0\u00bb de Bourg la Reinedu samedi 24 janvier au dimanche 8 f\u00e9vrier 2026vous y d\u00e9couvrirez des \u0153uvres cubistes dans la lumineuse salle des Colonnes \u2728au c\u0153ur de Bourg la Reine. Infos pratiques ci-dessous \ud83d\udc47 \u23f0 Du samedi [&hellip;]<\/p>\n","protected":false},"author":1,"featured_media":2591,"comment_status":"open","ping_status":"open","sticky":false,"template":"","format":"standard","meta":{"ocean_post_layout":"","ocean_both_sidebars_style":"","ocean_both_sidebars_content_width":0,"ocean_both_sidebars_sidebars_width":0,"ocean_sidebar":"","ocean_second_sidebar":"","ocean_disable_margins":"enable","ocean_add_body_class":"","ocean_shortcode_before_top_bar":"","ocean_shortcode_after_top_bar":"","ocean_shortcode_before_header":"","ocean_shortcode_after_header":"","ocean_has_shortcode":"","ocean_shortcode_after_title":"","ocean_shortcode_before_footer_widgets":"","ocean_shortcode_after_footer_widgets":"","ocean_shortcode_before_footer_bottom":"","ocean_shortcode_after_footer_bottom":"","ocean_display_top_bar":"default","ocean_display_header":"default","ocean_header_style":"","ocean_center_header_left_menu":"","ocean_custom_header_template":"","ocean_custom_logo":0,"ocean_custom_retina_logo":0,"ocean_custom_logo_max_width":0,"ocean_custom_logo_tablet_max_width":0,"ocean_custom_logo_mobile_max_width":0,"ocean_custom_logo_max_height":0,"ocean_custom_logo_tablet_max_height":0,"ocean_custom_logo_mobile_max_height":0,"ocean_header_custom_menu":"","ocean_menu_typo_font_family":"","ocean_menu_typo_font_subset":"","ocean_menu_typo_font_size":0,"ocean_menu_typo_font_size_tablet":0,"ocean_menu_typo_font_size_mobile":0,"ocean_menu_typo_font_size_unit":"px","ocean_menu_typo_font_weight":"","ocean_menu_typo_font_weight_tablet":"","ocean_menu_typo_font_weight_mobile":"","ocean_menu_typo_transform":"","ocean_menu_typo_transform_tablet":"","ocean_menu_typo_transform_mobile":"","ocean_menu_typo_line_height":0,"ocean_menu_typo_line_height_tablet":0,"ocean_menu_typo_line_height_mobile":0,"ocean_menu_typo_line_height_unit":"","ocean_menu_typo_spacing":0,"ocean_menu_typo_spacing_tablet":0,"ocean_menu_typo_spacing_mobile":0,"ocean_menu_typo_spacing_unit":"","ocean_menu_link_color":"","ocean_menu_link_color_hover":"","ocean_menu_link_color_active":"","ocean_menu_link_background":"","ocean_menu_link_hover_background":"","ocean_menu_link_active_background":"","ocean_menu_social_links_bg":"","ocean_menu_social_hover_links_bg":"","ocean_menu_social_links_color":"","ocean_menu_social_hover_links_color":"","ocean_disable_title":"default","ocean_disable_heading":"default","ocean_post_title":"","ocean_post_subheading":"","ocean_post_title_style":"","ocean_post_title_background_color":"","ocean_post_title_background":0,"ocean_post_title_bg_image_position":"","ocean_post_title_bg_image_attachment":"","ocean_post_title_bg_image_repeat":"","ocean_post_title_bg_image_size":"","ocean_post_title_height":0,"ocean_post_title_bg_overlay":0.5,"ocean_post_title_bg_overlay_color":"","ocean_disable_breadcrumbs":"default","ocean_breadcrumbs_color":"","ocean_breadcrumbs_separator_color":"","ocean_breadcrumbs_links_color":"","ocean_breadcrumbs_links_hover_color":"","ocean_display_footer_widgets":"default","ocean_display_footer_bottom":"default","ocean_custom_footer_template":"","ocean_post_oembed":"","ocean_post_self_hosted_media":"","ocean_post_video_embed":"","ocean_link_format":"","ocean_link_format_target":"self","ocean_quote_format":"","ocean_quote_format_link":"post","ocean_gallery_link_images":"on","ocean_gallery_id":[],"footnotes":""},"categories":[81],"tags":[],"class_list":["post-2590","post","type-post","status-publish","format-standard","has-post-thumbnail","hentry","category-actualites","entry","has-media","owp-thumbs-layout-horizontal","owp-btn-normal","owp-tabs-layout-horizontal","has-no-thumbnails","has-product-nav"],"yoast_head":"<!-- This site is optimized with the Yoast SEO plugin v27.5 - https:\/\/yoast.com\/product\/yoast-seo-wordpress\/ -->\n<title>24 jan au 8 f\u00e9v 2026 - 57\u00e8me salon ile de France Bourg-la-Reine - Sophie Laurent Lazinier - sculptrice<\/title>\n<meta name=\"robots\" content=\"index, follow, max-snippet:-1, max-image-preview:large, max-video-preview:-1\" \/>\n<link rel=\"canonical\" href=\"https:\/\/www.solaulaz.com\/index.php\/2026\/01\/16\/24-jan-8-fev-2026-57eme-salon-ile-de-france-bourg-la-reine\/\" \/>\n<meta property=\"og:locale\" content=\"fr_FR\" \/>\n<meta property=\"og:type\" content=\"article\" \/>\n<meta property=\"og:title\" content=\"24 jan au 8 f\u00e9v 2026 - 57\u00e8me salon ile de France Bourg-la-Reine - Sophie Laurent Lazinier - sculptrice\" \/>\n<meta property=\"og:description\" content=\"Je vous invite \u00e0 venir voir une s\u00e9lection de mes sculptures\ud83d\uddfflors de l&rsquo;exposition collective :57\u00e8me salon \u00ab\u00a0Ile de France\u00a0\u00bb de Bourg la Reinedu samedi 24 janvier au dimanche 8 f\u00e9vrier 2026vous y d\u00e9couvrirez des \u0153uvres cubistes dans la lumineuse salle des Colonnes \u2728au c\u0153ur de Bourg la Reine. Infos pratiques ci-dessous \ud83d\udc47 \u23f0 Du samedi [&hellip;]\" \/>\n<meta property=\"og:url\" content=\"https:\/\/www.solaulaz.com\/index.php\/2026\/01\/16\/24-jan-8-fev-2026-57eme-salon-ile-de-france-bourg-la-reine\/\" \/>\n<meta property=\"og:site_name\" content=\"Sophie Laurent Lazinier - sculptrice\" \/>\n<meta property=\"article:publisher\" content=\"https:\/\/www.facebook.com\/solaulaz\" \/>\n<meta property=\"article:published_time\" content=\"2026-01-16T12:09:41+00:00\" \/>\n<meta property=\"article:modified_time\" content=\"2026-01-16T12:15:56+00:00\" \/>\n<meta property=\"og:image\" content=\"https:\/\/www.solaulaz.com\/wp-content\/uploads\/2026\/01\/affiche-2026_v2.jpg\" \/>\n\t<meta property=\"og:image:width\" content=\"1414\" \/>\n\t<meta property=\"og:image:height\" content=\"2000\" \/>\n\t<meta property=\"og:image:type\" content=\"image\/jpeg\" \/>\n<meta name=\"author\" content=\"Solaulaz\" \/>\n<meta name=\"twitter:card\" content=\"summary_large_image\" \/>\n<meta name=\"twitter:label1\" content=\"\u00c9crit par\" \/>\n\t<meta name=\"twitter:data1\" content=\"Solaulaz\" \/>\n\t<meta name=\"twitter:label2\" content=\"Dur\u00e9e de lecture estim\u00e9e\" \/>\n\t<meta name=\"twitter:data2\" content=\"2 minutes\" \/>\n<script type=\"application\/ld+json\" class=\"yoast-schema-graph\">{\"@context\":\"https:\\\/\\\/schema.org\",\"@graph\":[{\"@type\":\"Article\",\"@id\":\"https:\\\/\\\/www.solaulaz.com\\\/index.php\\\/2026\\\/01\\\/16\\\/24-jan-8-fev-2026-57eme-salon-ile-de-france-bourg-la-reine\\\/#article\",\"isPartOf\":{\"@id\":\"https:\\\/\\\/www.solaulaz.com\\\/index.php\\\/2026\\\/01\\\/16\\\/24-jan-8-fev-2026-57eme-salon-ile-de-france-bourg-la-reine\\\/\"},\"author\":{\"name\":\"Solaulaz\",\"@id\":\"https:\\\/\\\/www.solaulaz.com\\\/#\\\/schema\\\/person\\\/914a5e8ad58d38b2344cf673028343ac\"},\"headline\":\"24 jan au 8 f\u00e9v 2026 &#8211; 57\u00e8me salon ile de France Bourg-la-Reine\",\"datePublished\":\"2026-01-16T12:09:41+00:00\",\"dateModified\":\"2026-01-16T12:15:56+00:00\",\"mainEntityOfPage\":{\"@id\":\"https:\\\/\\\/www.solaulaz.com\\\/index.php\\\/2026\\\/01\\\/16\\\/24-jan-8-fev-2026-57eme-salon-ile-de-france-bourg-la-reine\\\/\"},\"wordCount\":168,\"commentCount\":0,\"publisher\":{\"@id\":\"https:\\\/\\\/www.solaulaz.com\\\/#organization\"},\"image\":{\"@id\":\"https:\\\/\\\/www.solaulaz.com\\\/index.php\\\/2026\\\/01\\\/16\\\/24-jan-8-fev-2026-57eme-salon-ile-de-france-bourg-la-reine\\\/#primaryimage\"},\"thumbnailUrl\":\"https:\\\/\\\/www.solaulaz.com\\\/wp-content\\\/uploads\\\/2026\\\/01\\\/affiche-2026_v2.jpg\",\"articleSection\":[\"Actualit\u00e9s\"],\"inLanguage\":\"fr-FR\",\"potentialAction\":[{\"@type\":\"CommentAction\",\"name\":\"Comment\",\"target\":[\"https:\\\/\\\/www.solaulaz.com\\\/index.php\\\/2026\\\/01\\\/16\\\/24-jan-8-fev-2026-57eme-salon-ile-de-france-bourg-la-reine\\\/#respond\"]}]},{\"@type\":\"WebPage\",\"@id\":\"https:\\\/\\\/www.solaulaz.com\\\/index.php\\\/2026\\\/01\\\/16\\\/24-jan-8-fev-2026-57eme-salon-ile-de-france-bourg-la-reine\\\/\",\"url\":\"https:\\\/\\\/www.solaulaz.com\\\/index.php\\\/2026\\\/01\\\/16\\\/24-jan-8-fev-2026-57eme-salon-ile-de-france-bourg-la-reine\\\/\",\"name\":\"24 jan au 8 f\u00e9v 2026 - 57\u00e8me salon ile de France Bourg-la-Reine - Sophie Laurent Lazinier - sculptrice\",\"isPartOf\":{\"@id\":\"https:\\\/\\\/www.solaulaz.com\\\/#website\"},\"primaryImageOfPage\":{\"@id\":\"https:\\\/\\\/www.solaulaz.com\\\/index.php\\\/2026\\\/01\\\/16\\\/24-jan-8-fev-2026-57eme-salon-ile-de-france-bourg-la-reine\\\/#primaryimage\"},\"image\":{\"@id\":\"https:\\\/\\\/www.solaulaz.com\\\/index.php\\\/2026\\\/01\\\/16\\\/24-jan-8-fev-2026-57eme-salon-ile-de-france-bourg-la-reine\\\/#primaryimage\"},\"thumbnailUrl\":\"https:\\\/\\\/www.solaulaz.com\\\/wp-content\\\/uploads\\\/2026\\\/01\\\/affiche-2026_v2.jpg\",\"datePublished\":\"2026-01-16T12:09:41+00:00\",\"dateModified\":\"2026-01-16T12:15:56+00:00\",\"breadcrumb\":{\"@id\":\"https:\\\/\\\/www.solaulaz.com\\\/index.php\\\/2026\\\/01\\\/16\\\/24-jan-8-fev-2026-57eme-salon-ile-de-france-bourg-la-reine\\\/#breadcrumb\"},\"inLanguage\":\"fr-FR\",\"potentialAction\":[{\"@type\":\"ReadAction\",\"target\":[\"https:\\\/\\\/www.solaulaz.com\\\/index.php\\\/2026\\\/01\\\/16\\\/24-jan-8-fev-2026-57eme-salon-ile-de-france-bourg-la-reine\\\/\"]}]},{\"@type\":\"ImageObject\",\"inLanguage\":\"fr-FR\",\"@id\":\"https:\\\/\\\/www.solaulaz.com\\\/index.php\\\/2026\\\/01\\\/16\\\/24-jan-8-fev-2026-57eme-salon-ile-de-france-bourg-la-reine\\\/#primaryimage\",\"url\":\"https:\\\/\\\/www.solaulaz.com\\\/wp-content\\\/uploads\\\/2026\\\/01\\\/affiche-2026_v2.jpg\",\"contentUrl\":\"https:\\\/\\\/www.solaulaz.com\\\/wp-content\\\/uploads\\\/2026\\\/01\\\/affiche-2026_v2.jpg\",\"width\":1414,\"height\":2000},{\"@type\":\"BreadcrumbList\",\"@id\":\"https:\\\/\\\/www.solaulaz.com\\\/index.php\\\/2026\\\/01\\\/16\\\/24-jan-8-fev-2026-57eme-salon-ile-de-france-bourg-la-reine\\\/#breadcrumb\",\"itemListElement\":[{\"@type\":\"ListItem\",\"position\":1,\"name\":\"Accueil\",\"item\":\"https:\\\/\\\/www.solaulaz.com\\\/\"},{\"@type\":\"ListItem\",\"position\":2,\"name\":\"24 jan au 8 f\u00e9v 2026 &#8211; 57\u00e8me salon ile de France Bourg-la-Reine\"}]},{\"@type\":\"WebSite\",\"@id\":\"https:\\\/\\\/www.solaulaz.com\\\/#website\",\"url\":\"https:\\\/\\\/www.solaulaz.com\\\/\",\"name\":\"Sophie Laurent Lazinier - sculptrice\",\"description\":\"Un regard pour capter l instant\",\"publisher\":{\"@id\":\"https:\\\/\\\/www.solaulaz.com\\\/#organization\"},\"potentialAction\":[{\"@type\":\"SearchAction\",\"target\":{\"@type\":\"EntryPoint\",\"urlTemplate\":\"https:\\\/\\\/www.solaulaz.com\\\/?s={search_term_string}\"},\"query-input\":{\"@type\":\"PropertyValueSpecification\",\"valueRequired\":true,\"valueName\":\"search_term_string\"}}],\"inLanguage\":\"fr-FR\"},{\"@type\":\"Organization\",\"@id\":\"https:\\\/\\\/www.solaulaz.com\\\/#organization\",\"name\":\"SOLAULAZ\",\"url\":\"https:\\\/\\\/www.solaulaz.com\\\/\",\"logo\":{\"@type\":\"ImageObject\",\"inLanguage\":\"fr-FR\",\"@id\":\"https:\\\/\\\/www.solaulaz.com\\\/#\\\/schema\\\/logo\\\/image\\\/\",\"url\":\"https:\\\/\\\/www.solaulaz.com\\\/wp-content\\\/uploads\\\/2022\\\/01\\\/solaulaz.png\",\"contentUrl\":\"https:\\\/\\\/www.solaulaz.com\\\/wp-content\\\/uploads\\\/2022\\\/01\\\/solaulaz.png\",\"width\":629,\"height\":629,\"caption\":\"SOLAULAZ\"},\"image\":{\"@id\":\"https:\\\/\\\/www.solaulaz.com\\\/#\\\/schema\\\/logo\\\/image\\\/\"},\"sameAs\":[\"https:\\\/\\\/www.facebook.com\\\/solaulaz\",\"https:\\\/\\\/www.instagram.com\\\/solaulaz\\\/?hl=fr\",\"https:\\\/\\\/www.pinterest.fr\\\/solaulaz\\\/\"]},{\"@type\":\"Person\",\"@id\":\"https:\\\/\\\/www.solaulaz.com\\\/#\\\/schema\\\/person\\\/914a5e8ad58d38b2344cf673028343ac\",\"name\":\"Solaulaz\",\"image\":{\"@type\":\"ImageObject\",\"inLanguage\":\"fr-FR\",\"@id\":\"https:\\\/\\\/secure.gravatar.com\\\/avatar\\\/c39e7bbae050081e04d562ba8c3ffea14c9dec13da659978031f438177311967?s=96&d=mm&r=g\",\"url\":\"https:\\\/\\\/secure.gravatar.com\\\/avatar\\\/c39e7bbae050081e04d562ba8c3ffea14c9dec13da659978031f438177311967?s=96&d=mm&r=g\",\"contentUrl\":\"https:\\\/\\\/secure.gravatar.com\\\/avatar\\\/c39e7bbae050081e04d562ba8c3ffea14c9dec13da659978031f438177311967?s=96&d=mm&r=g\",\"caption\":\"Solaulaz\"},\"sameAs\":[\"http:\\\/\\\/okjfdab.cluster031.hosting.ovh.net\"],\"url\":\"https:\\\/\\\/www.solaulaz.com\\\/index.php\\\/author\\\/admin1989\\\/\"}]}<\/script>\n<!-- \/ Yoast SEO plugin. -->","yoast_head_json":{"title":"24 jan au 8 f\u00e9v 2026 - 57\u00e8me salon ile de France Bourg-la-Reine - Sophie Laurent Lazinier - sculptrice","robots":{"index":"index","follow":"follow","max-snippet":"max-snippet:-1","max-image-preview":"max-image-preview:large","max-video-preview":"max-video-preview:-1"},"canonical":"https:\/\/www.solaulaz.com\/index.php\/2026\/01\/16\/24-jan-8-fev-2026-57eme-salon-ile-de-france-bourg-la-reine\/","og_locale":"fr_FR","og_type":"article","og_title":"24 jan au 8 f\u00e9v 2026 - 57\u00e8me salon ile de France Bourg-la-Reine - Sophie Laurent Lazinier - sculptrice","og_description":"Je vous invite \u00e0 venir voir une s\u00e9lection de mes sculptures\ud83d\uddfflors de l&rsquo;exposition collective :57\u00e8me salon \u00ab\u00a0Ile de France\u00a0\u00bb de Bourg la Reinedu samedi 24 janvier au dimanche 8 f\u00e9vrier 2026vous y d\u00e9couvrirez des \u0153uvres cubistes dans la lumineuse salle des Colonnes \u2728au c\u0153ur de Bourg la Reine. Infos pratiques ci-dessous \ud83d\udc47 \u23f0 Du samedi [&hellip;]","og_url":"https:\/\/www.solaulaz.com\/index.php\/2026\/01\/16\/24-jan-8-fev-2026-57eme-salon-ile-de-france-bourg-la-reine\/","og_site_name":"Sophie Laurent Lazinier - sculptrice","article_publisher":"https:\/\/www.facebook.com\/solaulaz","article_published_time":"2026-01-16T12:09:41+00:00","article_modified_time":"2026-01-16T12:15:56+00:00","og_image":[{"width":1414,"height":2000,"url":"https:\/\/www.solaulaz.com\/wp-content\/uploads\/2026\/01\/affiche-2026_v2.jpg","type":"image\/jpeg"}],"author":"Solaulaz","twitter_card":"summary_large_image","twitter_misc":{"\u00c9crit par":"Solaulaz","Dur\u00e9e de lecture estim\u00e9e":"2 minutes"},"schema":{"@context":"https:\/\/schema.org","@graph":[{"@type":"Article","@id":"https:\/\/www.solaulaz.com\/index.php\/2026\/01\/16\/24-jan-8-fev-2026-57eme-salon-ile-de-france-bourg-la-reine\/#article","isPartOf":{"@id":"https:\/\/www.solaulaz.com\/index.php\/2026\/01\/16\/24-jan-8-fev-2026-57eme-salon-ile-de-france-bourg-la-reine\/"},"author":{"name":"Solaulaz","@id":"https:\/\/www.solaulaz.com\/#\/schema\/person\/914a5e8ad58d38b2344cf673028343ac"},"headline":"24 jan au 8 f\u00e9v 2026 &#8211; 57\u00e8me salon ile de France Bourg-la-Reine","datePublished":"2026-01-16T12:09:41+00:00","dateModified":"2026-01-16T12:15:56+00:00","mainEntityOfPage":{"@id":"https:\/\/www.solaulaz.com\/index.php\/2026\/01\/16\/24-jan-8-fev-2026-57eme-salon-ile-de-france-bourg-la-reine\/"},"wordCount":168,"commentCount":0,"publisher":{"@id":"https:\/\/www.solaulaz.com\/#organization"},"image":{"@id":"https:\/\/www.solaulaz.com\/index.php\/2026\/01\/16\/24-jan-8-fev-2026-57eme-salon-ile-de-france-bourg-la-reine\/#primaryimage"},"thumbnailUrl":"https:\/\/www.solaulaz.com\/wp-content\/uploads\/2026\/01\/affiche-2026_v2.jpg","articleSection":["Actualit\u00e9s"],"inLanguage":"fr-FR","potentialAction":[{"@type":"CommentAction","name":"Comment","target":["https:\/\/www.solaulaz.com\/index.php\/2026\/01\/16\/24-jan-8-fev-2026-57eme-salon-ile-de-france-bourg-la-reine\/#respond"]}]},{"@type":"WebPage","@id":"https:\/\/www.solaulaz.com\/index.php\/2026\/01\/16\/24-jan-8-fev-2026-57eme-salon-ile-de-france-bourg-la-reine\/","url":"https:\/\/www.solaulaz.com\/index.php\/2026\/01\/16\/24-jan-8-fev-2026-57eme-salon-ile-de-france-bourg-la-reine\/","name":"24 jan au 8 f\u00e9v 2026 - 57\u00e8me salon ile de France Bourg-la-Reine - Sophie Laurent Lazinier - sculptrice","isPartOf":{"@id":"https:\/\/www.solaulaz.com\/#website"},"primaryImageOfPage":{"@id":"https:\/\/www.solaulaz.com\/index.php\/2026\/01\/16\/24-jan-8-fev-2026-57eme-salon-ile-de-france-bourg-la-reine\/#primaryimage"},"image":{"@id":"https:\/\/www.solaulaz.com\/index.php\/2026\/01\/16\/24-jan-8-fev-2026-57eme-salon-ile-de-france-bourg-la-reine\/#primaryimage"},"thumbnailUrl":"https:\/\/www.solaulaz.com\/wp-content\/uploads\/2026\/01\/affiche-2026_v2.jpg","datePublished":"2026-01-16T12:09:41+00:00","dateModified":"2026-01-16T12:15:56+00:00","breadcrumb":{"@id":"https:\/\/www.solaulaz.com\/index.php\/2026\/01\/16\/24-jan-8-fev-2026-57eme-salon-ile-de-france-bourg-la-reine\/#breadcrumb"},"inLanguage":"fr-FR","potentialAction":[{"@type":"ReadAction","target":["https:\/\/www.solaulaz.com\/index.php\/2026\/01\/16\/24-jan-8-fev-2026-57eme-salon-ile-de-france-bourg-la-reine\/"]}]},{"@type":"ImageObject","inLanguage":"fr-FR","@id":"https:\/\/www.solaulaz.com\/index.php\/2026\/01\/16\/24-jan-8-fev-2026-57eme-salon-ile-de-france-bourg-la-reine\/#primaryimage","url":"https:\/\/www.solaulaz.com\/wp-content\/uploads\/2026\/01\/affiche-2026_v2.jpg","contentUrl":"https:\/\/www.solaulaz.com\/wp-content\/uploads\/2026\/01\/affiche-2026_v2.jpg","width":1414,"height":2000},{"@type":"BreadcrumbList","@id":"https:\/\/www.solaulaz.com\/index.php\/2026\/01\/16\/24-jan-8-fev-2026-57eme-salon-ile-de-france-bourg-la-reine\/#breadcrumb","itemListElement":[{"@type":"ListItem","position":1,"name":"Accueil","item":"https:\/\/www.solaulaz.com\/"},{"@type":"ListItem","position":2,"name":"24 jan au 8 f\u00e9v 2026 &#8211; 57\u00e8me salon ile de France Bourg-la-Reine"}]},{"@type":"WebSite","@id":"https:\/\/www.solaulaz.com\/#website","url":"https:\/\/www.solaulaz.com\/","name":"Sophie Laurent Lazinier - sculptrice","description":"Un regard pour capter l instant","publisher":{"@id":"https:\/\/www.solaulaz.com\/#organization"},"potentialAction":[{"@type":"SearchAction","target":{"@type":"EntryPoint","urlTemplate":"https:\/\/www.solaulaz.com\/?s={search_term_string}"},"query-input":{"@type":"PropertyValueSpecification","valueRequired":true,"valueName":"search_term_string"}}],"inLanguage":"fr-FR"},{"@type":"Organization","@id":"https:\/\/www.solaulaz.com\/#organization","name":"SOLAULAZ","url":"https:\/\/www.solaulaz.com\/","logo":{"@type":"ImageObject","inLanguage":"fr-FR","@id":"https:\/\/www.solaulaz.com\/#\/schema\/logo\/image\/","url":"https:\/\/www.solaulaz.com\/wp-content\/uploads\/2022\/01\/solaulaz.png","contentUrl":"https:\/\/www.solaulaz.com\/wp-content\/uploads\/2022\/01\/solaulaz.png","width":629,"height":629,"caption":"SOLAULAZ"},"image":{"@id":"https:\/\/www.solaulaz.com\/#\/schema\/logo\/image\/"},"sameAs":["https:\/\/www.facebook.com\/solaulaz","https:\/\/www.instagram.com\/solaulaz\/?hl=fr","https:\/\/www.pinterest.fr\/solaulaz\/"]},{"@type":"Person","@id":"https:\/\/www.solaulaz.com\/#\/schema\/person\/914a5e8ad58d38b2344cf673028343ac","name":"Solaulaz","image":{"@type":"ImageObject","inLanguage":"fr-FR","@id":"https:\/\/secure.gravatar.com\/avatar\/c39e7bbae050081e04d562ba8c3ffea14c9dec13da659978031f438177311967?s=96&d=mm&r=g","url":"https:\/\/secure.gravatar.com\/avatar\/c39e7bbae050081e04d562ba8c3ffea14c9dec13da659978031f438177311967?s=96&d=mm&r=g","contentUrl":"https:\/\/secure.gravatar.com\/avatar\/c39e7bbae050081e04d562ba8c3ffea14c9dec13da659978031f438177311967?s=96&d=mm&r=g","caption":"Solaulaz"},"sameAs":["http:\/\/okjfdab.cluster031.hosting.ovh.net"],"url":"https:\/\/www.solaulaz.com\/index.php\/author\/admin1989\/"}]}},"_links":{"self":[{"href":"https:\/\/www.solaulaz.com\/index.php\/wp-json\/wp\/v2\/posts\/2590","targetHints":{"allow":["GET"]}}],"collection":[{"href":"https:\/\/www.solaulaz.com\/index.php\/wp-json\/wp\/v2\/posts"}],"about":[{"href":"https:\/\/www.solaulaz.com\/index.php\/wp-json\/wp\/v2\/types\/post"}],"author":[{"embeddable":true,"href":"https:\/\/www.solaulaz.com\/index.php\/wp-json\/wp\/v2\/users\/1"}],"replies":[{"embeddable":true,"href":"https:\/\/www.solaulaz.com\/index.php\/wp-json\/wp\/v2\/comments?post=2590"}],"version-history":[{"count":3,"href":"https:\/\/www.solaulaz.com\/index.php\/wp-json\/wp\/v2\/posts\/2590\/revisions"}],"predecessor-version":[{"id":2602,"href":"https:\/\/www.solaulaz.com\/index.php\/wp-json\/wp\/v2\/posts\/2590\/revisions\/2602"}],"wp:featuredmedia":[{"embeddable":true,"href":"https:\/\/www.solaulaz.com\/index.php\/wp-json\/wp\/v2\/media\/2591"}],"wp:attachment":[{"href":"https:\/\/www.solaulaz.com\/index.php\/wp-json\/wp\/v2\/media?parent=2590"}],"wp:term":[{"taxonomy":"category","embeddable":true,"href":"https:\/\/www.solaulaz.com\/index.php\/wp-json\/wp\/v2\/categories?post=2590"},{"taxonomy":"post_tag","embeddable":true,"href":"https:\/\/www.solaulaz.com\/index.php\/wp-json\/wp\/v2\/tags?post=2590"}],"curies":[{"name":"wp","href":"https:\/\/api.w.org\/{rel}","templated":true}]}}